{"id":10240,"date":"2024-07-25T21:54:33","date_gmt":"2024-07-25T21:54:33","guid":{"rendered":"https:\/\/www.pasegol.co\/?p=10240"},"modified":"2024-07-25T21:56:29","modified_gmt":"2024-07-25T21:56:29","slug":"juegos-olimpicos-paris-2024-los-deportistas-colombianos-en-busqueda-de-la-gloria","status":"publish","type":"post","link":"https:\/\/www.pasegol.co\/?p=10240","title":{"rendered":"Juegos Ol\u00edmpicos Par\u00eds 2024: los deportistas colombianos en b\u00fasqueda de la gloria \u00a0\u00a0"},"content":{"rendered":"\t\t<div data-elementor-type=\"wp-post\" data-elementor-id=\"10240\" class=\"elementor elementor-10240\" data-elementor-post-type=\"post\">\n\t\t\t\t\t\t<section class=\"penci-section penci-disSticky penci-structure-10 elementor-section elementor-top-section elementor-element elementor-element-507da58 elementor-section-boxed elementor-section-height-default elementor-section-height-default\" data-id=\"507da58\" data-element_type=\"section\" data-e-type=\"section\">\n\t\t\t\t\t\t<div class=\"elementor-container elementor-column-gap-default\">\n\t\t\t\t\t<div class=\"penci-ercol-100 penci-ercol-order-1 penci-sticky-ct    elementor-column elementor-col-100 elementor-top-column elementor-element elementor-element-9ca7a0b\" data-id=\"9ca7a0b\" data-element_type=\"column\" data-e-type=\"column\">\n\t\t\t<div class=\"elementor-widget-wrap elementor-element-populated\">\n\t\t\t\t\t\t<div class=\"elementor-element elementor-element-2245eaa elementor-widget elementor-widget-image\" data-id=\"2245eaa\" data-element_type=\"widget\" data-e-type=\"widget\" data-widget_type=\"image.default\">\n\t\t\t\t<div class=\"elementor-widget-container\">\n\t\t\t\t\t\t\t\t\t\t\t\t<figure class=\"wp-caption\">\n\t\t\t\t\t\t\t\t\t\t<img fetchpriority=\"high\" decoding=\"async\" width=\"1024\" height=\"576\" src=\"https:\/\/www.pasegol.co\/wp-content\/uploads\/2024\/07\/Imagen2-1-1024x576.jpg\" class=\"attachment-large size-large wp-image-10241\" alt=\"\" srcset=\"https:\/\/www.pasegol.co\/wp-content\/uploads\/2024\/07\/Imagen2-1-1024x576.jpg 1024w, https:\/\/www.pasegol.co\/wp-content\/uploads\/2024\/07\/Imagen2-1-300x169.jpg 300w, https:\/\/www.pasegol.co\/wp-content\/uploads\/2024\/07\/Imagen2-1-768x432.jpg 768w, https:\/\/www.pasegol.co\/wp-content\/uploads\/2024\/07\/Imagen2-1-1170x658.jpg 1170w, https:\/\/www.pasegol.co\/wp-content\/uploads\/2024\/07\/Imagen2-1-585x329.jpg 585w, https:\/\/www.pasegol.co\/wp-content\/uploads\/2024\/07\/Imagen2-1-1200x675.jpg 1200w, https:\/\/www.pasegol.co\/wp-content\/uploads\/2024\/07\/Imagen2-1.jpg 1350w\" sizes=\"(max-width: 1024px) 100vw, 1024px\" \/>\t\t\t\t\t\t\t\t\t\t\t<figcaption class=\"widget-image-caption wp-caption-text\">Los Juegos Ol\u00edmpicos de Par\u00eds 2024 se llevar\u00e1n a cabo del 26 de julio al 11 de agosto en la capital francesa Foto: Ol\u00edmpicos Paris 2024<\/figcaption>\n\t\t\t\t\t\t\t\t\t\t<\/figure>\n\t\t\t\t\t\t\t\t\t<\/div>\n\t\t\t\t<\/div>\n\t\t\t\t<div class=\"elementor-element elementor-element-54b9738 elementor-widget elementor-widget-text-editor\" data-id=\"54b9738\" data-element_type=\"widget\" data-e-type=\"widget\" data-widget_type=\"text-editor.default\">\n\t\t\t\t<div class=\"elementor-widget-container\">\n\t\t\t\t\t\t\t\t\t<p><span style=\"color: #000000;\"><em>Colombia participar\u00e1 con 89 deportistas en los Juegos Ol\u00edmpicos de Par\u00eds 2024.<\/em><\/span><\/p><p><span style=\"color: #000000;\"><em>\u201cLos Juegos Ol\u00edmpicos de Par\u00eds 2024 est\u00e1 previsto que sea un evento multideportivo internacional que se llevar\u00e1 a cabo en la capital francesa con el fin de ser unas justas ol\u00edmpicas de unidad y solidaridad que tengan como objetivo esencial ser una celebraci\u00f3n de los atletas, para los atletas y el deporte\u201d.<\/em><\/span><\/p><p><span style=\"color: #000000;\">Tras su excursi\u00f3n en tierras japonesas los Juegos Ol\u00edmpicos modernos se llevar\u00e1n a cabo por tercera vez en Francia, m\u00e1s exactamente en la ciudad de Par\u00eds y como es de esperarse es un evento que generar\u00e1 cierto inter\u00e9s y preocupaci\u00f3n en sus espectadores por ser los primeros juegos ol\u00edmpicos despu\u00e9s de la crisis global que se gener\u00f3 por la pandemia del Covid-19.<\/span><\/p><p><span style=\"color: #000000;\">Par\u00eds fue escogido para ser sede de estas justas ol\u00edmpicas el 13 de septiembre del 2017 en Lima, Per\u00fa, dentro del marco de la 131 sesi\u00f3n del Comit\u00e9 Ol\u00edmpico Internacional, al ganarle a la ciudad de Los \u00c1ngeles por votaci\u00f3n.<\/span><\/p><p><span style=\"color: #000000;\">En los Juegos Ol\u00edmpicos de Par\u00eds 2024 las 5.000 medallas hechas para las justas ol\u00edmpicas y paral\u00edmpicas fueron adornadas con una pieza original proveniente de la Torre Eiffel. Para crear este encuentro entre el objeto m\u00e1s prestigioso de los Juegos y el monumento ic\u00f3nico de Francia y Par\u00eds, los organizadores de los Juegos Ol\u00edmpicos trabajaron en el dise\u00f1o de la medalla con Chaumet, una empresa que es socia premium de Par\u00eds 2024<\/span><\/p><p><span style=\"color: #000000;\">Adem\u00e1s, las sedes deportivas de los Juegos Ol\u00edmpicos Par\u00eds 2024 utilizar\u00e1n instalaciones deportivas existentes, incluyendo varias sedes heredadas de las justas ol\u00edmpicas anteriores y de clubes deportivos de Francia.<\/span><\/p><p><span style=\"color: #000000;\">Los Juegos Ol\u00edmpicos de Par\u00eds 2024 ser\u00e1n una de las justas ol\u00edmpicas m\u00e1s populares de la historia, ya que m\u00e1s de 5.000 millones de personas tendr\u00e1n acceso a la cobertura televisiva y disfrutar\u00e1n de la cobertura nunca antes vista en eventos deportivos.<\/span><\/p><p><span style=\"color: #000000;\">Adem\u00e1s, las justas ol\u00edmpicas de Par\u00eds 2024 ofrecer\u00e1n el mejor entorno posible para alcanzar el mejor rendimiento. Los atletas disfrutar\u00e1n de unas instalaciones de primer nivel, incluida una villa ol\u00edmpica, todo ubicado en una de las ciudades m\u00e1s innovadoras del mundo, en una estructura compacta para una m\u00e1xima comodidad de los deportistas.<\/span><\/p><p><span style=\"color: #000000;\">Frente a esta realidad, participar\u00e1n en los Juegos Ol\u00edmpicos 206 Comit\u00e9s Ol\u00edmpicos Nacionales, acudiendo una cantidad de 10.714 deportistas de 206 pa\u00edses diferentes, entre ellos Colombia, que llega con el objetivo de mejorar la gesta de tres a\u00f1os atr\u00e1s, cuando gan\u00f3 cuatro medallas de plata y una de bronce en deportes como BMX, Levantamiento de Pesas y Atletismo.<\/span><\/p><p><span style=\"color: #000000;\">El grupo de deportistas colombianos que viajaron a la ciudad de Par\u00eds fue de 89 deportistas, 52 mujeres y 37 hombres, quienes competir\u00e1n en diecinueve deportes. Los abanderados de la delegaci\u00f3n cafetera en la ceremonia de apertura ser\u00e1n la atleta Flor Ruiz y el ciclista Kevin Quintero. Adem\u00e1s, por primera vez en la historia habr\u00e1 m\u00e1s deportistas mujeres que hombres en la delegaci\u00f3n colombiana que representar\u00e1 al pa\u00eds en las justas ol\u00edmpicas.\u00a0<\/span><\/p><p><span style=\"color: #000000;\">\u00a0Los deportistas colombianos con m\u00e1s opciones de ganar medalla en los Juegos Ol\u00edmpicos son Mariana Paj\u00f3n en la prueba de BMX, Luis Javier Mosquera, en los 67 kilogramos de la Halterofilia, Anthony Zambrano, en la prueba de 400 metros del atletismo y Sandra Arenas, en la marcha atl\u00e9tica femenina 20 kil\u00f3metros.<\/span><\/p><p><span style=\"color: #000000;\">Adem\u00e1s, los deportistas Martha Bayona, Carlos Ram\u00edrez, Flor Denis Ru\u00edz, Ana Mar\u00eda Rend\u00f3n y Jenny Arias son los otros colombianos que en la previa tienen altas posibilidades de ocupar uno de los tres primeros puestos en su respectiva disciplina.<\/span><\/p><p><span style=\"color: #000000;\">Otros deportistas que tienen grandes posibilidades de destacarse en estas justas ol\u00edmpicas de Par\u00eds 2024 son el estadounidense Caeleb Dressel en la nataci\u00f3n, el atleta italiano Lamont Jacobs en la prueba de 100 metros, la selecci\u00f3n estadounidense de baloncesto y la selecci\u00f3n femenina de f\u00fatbol de Espa\u00f1a.<\/span><\/p>\t\t\t\t\t\t\t\t<\/div>\n\t\t\t\t<\/div>\n\t\t\t\t\t<\/div>\n\t\t<\/div>\n\t\t\t\t\t<\/div>\n\t\t<\/section>\n\t\t\t\t<\/div>\n\t\t","protected":false},"excerpt":{"rendered":"<p>Los Juegos Ol\u00edmpicos de Par\u00eds 2024 se llevar\u00e1n a cabo del 26 de julio al&hellip;<\/p>\n","protected":false},"author":1,"featured_media":10241,"comment_status":"open","ping_status":"open","sticky":false,"template":"","format":"standard","meta":{"content-type":"","_lmt_disableupdate":"","_lmt_disable":"","footnotes":""},"categories":[10],"tags":[],"class_list":["post-10240","post","type-post","status-publish","format-standard","has-post-thumbnail","hentry","category-otros-deportes"],"yoast_head":"<!-- This site is optimized with the Yoast SEO Premium plugin v21.2 (Yoast SEO v27.5) - https:\/\/yoast.com\/product\/yoast-seo-premium-wordpress\/ -->\n<title>Juegos Ol\u00edmpicos Par\u00eds 2024: los deportistas colombianos en b\u00fasqueda de la gloria \u00a0\u00a0 - Pasegol<\/title>\n<meta name=\"robots\" content=\"index, follow, max-snippet:-1, max-image-preview:large, max-video-preview:-1\" \/>\n<link rel=\"canonical\" href=\"https:\/\/www.pasegol.co\/?p=10240\" \/>\n<meta property=\"og:locale\" content=\"es_ES\" \/>\n<meta property=\"og:type\" content=\"article\" \/>\n<meta property=\"og:title\" content=\"Juegos Ol\u00edmpicos Par\u00eds 2024: los deportistas colombianos en b\u00fasqueda de la gloria \u00a0\u00a0\" \/>\n<meta property=\"og:description\" content=\"Los Juegos Ol\u00edmpicos de Par\u00eds 2024 se llevar\u00e1n a cabo del 26 de julio al&hellip;\" \/>\n<meta property=\"og:url\" content=\"https:\/\/www.pasegol.co\/?p=10240\" \/>\n<meta property=\"og:site_name\" content=\"Pasegol\" \/>\n<meta property=\"article:published_time\" content=\"2024-07-25T21:54:33+00:00\" \/>\n<meta property=\"article:modified_time\" content=\"2024-07-25T21:56:29+00:00\" \/>\n<meta property=\"og:image\" content=\"https:\/\/www.pasegol.co\/wp-content\/uploads\/2024\/07\/Imagen2-1.jpg\" \/>\n\t<meta property=\"og:image:width\" content=\"1350\" \/>\n\t<meta property=\"og:image:height\" content=\"759\" \/>\n\t<meta property=\"og:image:type\" content=\"image\/jpeg\" \/>\n<meta name=\"author\" content=\"admin\" \/>\n<meta name=\"twitter:card\" content=\"summary_large_image\" \/>\n<meta name=\"twitter:label1\" content=\"Escrito por\" \/>\n\t<meta name=\"twitter:data1\" content=\"admin\" \/>\n\t<meta name=\"twitter:label2\" content=\"Tiempo de lectura\" \/>\n\t<meta name=\"twitter:data2\" content=\"4 minutos\" \/>\n<script type=\"application\/ld+json\" class=\"yoast-schema-graph\">{\"@context\":\"https:\\\/\\\/schema.org\",\"@graph\":[{\"@type\":\"Article\",\"@id\":\"https:\\\/\\\/www.pasegol.co\\\/?p=10240#article\",\"isPartOf\":{\"@id\":\"https:\\\/\\\/www.pasegol.co\\\/?p=10240\"},\"author\":{\"name\":\"admin\",\"@id\":\"https:\\\/\\\/www.pasegol.co\\\/#\\\/schema\\\/person\\\/5dcbdba3660918f3a5888187e590c98d\"},\"headline\":\"Juegos Ol\u00edmpicos Par\u00eds 2024: los deportistas colombianos en b\u00fasqueda de la gloria \u00a0\u00a0\",\"datePublished\":\"2024-07-25T21:54:33+00:00\",\"dateModified\":\"2024-07-25T21:56:29+00:00\",\"mainEntityOfPage\":{\"@id\":\"https:\\\/\\\/www.pasegol.co\\\/?p=10240\"},\"wordCount\":728,\"commentCount\":0,\"image\":{\"@id\":\"https:\\\/\\\/www.pasegol.co\\\/?p=10240#primaryimage\"},\"thumbnailUrl\":\"https:\\\/\\\/www.pasegol.co\\\/wp-content\\\/uploads\\\/2024\\\/07\\\/Imagen2-1.jpg\",\"articleSection\":[\"Otros Deportes\"],\"inLanguage\":\"es\",\"potentialAction\":[{\"@type\":\"CommentAction\",\"name\":\"Comment\",\"target\":[\"https:\\\/\\\/www.pasegol.co\\\/?p=10240#respond\"]}]},{\"@type\":\"WebPage\",\"@id\":\"https:\\\/\\\/www.pasegol.co\\\/?p=10240\",\"url\":\"https:\\\/\\\/www.pasegol.co\\\/?p=10240\",\"name\":\"Juegos Ol\u00edmpicos Par\u00eds 2024: los deportistas colombianos en b\u00fasqueda de la gloria \u00a0\u00a0 - Pasegol\",\"isPartOf\":{\"@id\":\"https:\\\/\\\/www.pasegol.co\\\/#website\"},\"primaryImageOfPage\":{\"@id\":\"https:\\\/\\\/www.pasegol.co\\\/?p=10240#primaryimage\"},\"image\":{\"@id\":\"https:\\\/\\\/www.pasegol.co\\\/?p=10240#primaryimage\"},\"thumbnailUrl\":\"https:\\\/\\\/www.pasegol.co\\\/wp-content\\\/uploads\\\/2024\\\/07\\\/Imagen2-1.jpg\",\"datePublished\":\"2024-07-25T21:54:33+00:00\",\"dateModified\":\"2024-07-25T21:56:29+00:00\",\"author\":{\"@id\":\"https:\\\/\\\/www.pasegol.co\\\/#\\\/schema\\\/person\\\/5dcbdba3660918f3a5888187e590c98d\"},\"breadcrumb\":{\"@id\":\"https:\\\/\\\/www.pasegol.co\\\/?p=10240#breadcrumb\"},\"inLanguage\":\"es\",\"potentialAction\":[{\"@type\":\"ReadAction\",\"target\":[\"https:\\\/\\\/www.pasegol.co\\\/?p=10240\"]}]},{\"@type\":\"ImageObject\",\"inLanguage\":\"es\",\"@id\":\"https:\\\/\\\/www.pasegol.co\\\/?p=10240#primaryimage\",\"url\":\"https:\\\/\\\/www.pasegol.co\\\/wp-content\\\/uploads\\\/2024\\\/07\\\/Imagen2-1.jpg\",\"contentUrl\":\"https:\\\/\\\/www.pasegol.co\\\/wp-content\\\/uploads\\\/2024\\\/07\\\/Imagen2-1.jpg\",\"width\":1350,\"height\":759},{\"@type\":\"BreadcrumbList\",\"@id\":\"https:\\\/\\\/www.pasegol.co\\\/?p=10240#breadcrumb\",\"itemListElement\":[{\"@type\":\"ListItem\",\"position\":1,\"name\":\"Portada\",\"item\":\"https:\\\/\\\/www.pasegol.co\\\/\"},{\"@type\":\"ListItem\",\"position\":2,\"name\":\"Juegos Ol\u00edmpicos Par\u00eds 2024: los deportistas colombianos en b\u00fasqueda de la gloria \u00a0\u00a0\"}]},{\"@type\":\"WebSite\",\"@id\":\"https:\\\/\\\/www.pasegol.co\\\/#website\",\"url\":\"https:\\\/\\\/www.pasegol.co\\\/\",\"name\":\"Pasegol\",\"description\":\"\",\"potentialAction\":[{\"@type\":\"SearchAction\",\"target\":{\"@type\":\"EntryPoint\",\"urlTemplate\":\"https:\\\/\\\/www.pasegol.co\\\/?s={search_term_string}\"},\"query-input\":{\"@type\":\"PropertyValueSpecification\",\"valueRequired\":true,\"valueName\":\"search_term_string\"}}],\"inLanguage\":\"es\"},{\"@type\":\"Person\",\"@id\":\"https:\\\/\\\/www.pasegol.co\\\/#\\\/schema\\\/person\\\/5dcbdba3660918f3a5888187e590c98d\",\"name\":\"admin\",\"image\":{\"@type\":\"ImageObject\",\"inLanguage\":\"es\",\"@id\":\"https:\\\/\\\/secure.gravatar.com\\\/avatar\\\/6d5301d0b477734ae2e733a830f481b81baeceafd013269026e58933fe860278?s=96&d=mm&r=g\",\"url\":\"https:\\\/\\\/secure.gravatar.com\\\/avatar\\\/6d5301d0b477734ae2e733a830f481b81baeceafd013269026e58933fe860278?s=96&d=mm&r=g\",\"contentUrl\":\"https:\\\/\\\/secure.gravatar.com\\\/avatar\\\/6d5301d0b477734ae2e733a830f481b81baeceafd013269026e58933fe860278?s=96&d=mm&r=g\",\"caption\":\"admin\"},\"sameAs\":[\"https:\\\/\\\/www.pasegol.co\"],\"url\":\"https:\\\/\\\/www.pasegol.co\\\/?author=1\"}]}<\/script>\n<!-- \/ Yoast SEO Premium plugin. -->","yoast_head_json":{"title":"Juegos Ol\u00edmpicos Par\u00eds 2024: los deportistas colombianos en b\u00fasqueda de la gloria \u00a0\u00a0 - Pasegol","robots":{"index":"index","follow":"follow","max-snippet":"max-snippet:-1","max-image-preview":"max-image-preview:large","max-video-preview":"max-video-preview:-1"},"canonical":"https:\/\/www.pasegol.co\/?p=10240","og_locale":"es_ES","og_type":"article","og_title":"Juegos Ol\u00edmpicos Par\u00eds 2024: los deportistas colombianos en b\u00fasqueda de la gloria \u00a0\u00a0","og_description":"Los Juegos Ol\u00edmpicos de Par\u00eds 2024 se llevar\u00e1n a cabo del 26 de julio al&hellip;","og_url":"https:\/\/www.pasegol.co\/?p=10240","og_site_name":"Pasegol","article_published_time":"2024-07-25T21:54:33+00:00","article_modified_time":"2024-07-25T21:56:29+00:00","og_image":[{"width":1350,"height":759,"url":"https:\/\/www.pasegol.co\/wp-content\/uploads\/2024\/07\/Imagen2-1.jpg","type":"image\/jpeg"}],"author":"admin","twitter_card":"summary_large_image","twitter_misc":{"Escrito por":"admin","Tiempo de lectura":"4 minutos"},"schema":{"@context":"https:\/\/schema.org","@graph":[{"@type":"Article","@id":"https:\/\/www.pasegol.co\/?p=10240#article","isPartOf":{"@id":"https:\/\/www.pasegol.co\/?p=10240"},"author":{"name":"admin","@id":"https:\/\/www.pasegol.co\/#\/schema\/person\/5dcbdba3660918f3a5888187e590c98d"},"headline":"Juegos Ol\u00edmpicos Par\u00eds 2024: los deportistas colombianos en b\u00fasqueda de la gloria \u00a0\u00a0","datePublished":"2024-07-25T21:54:33+00:00","dateModified":"2024-07-25T21:56:29+00:00","mainEntityOfPage":{"@id":"https:\/\/www.pasegol.co\/?p=10240"},"wordCount":728,"commentCount":0,"image":{"@id":"https:\/\/www.pasegol.co\/?p=10240#primaryimage"},"thumbnailUrl":"https:\/\/www.pasegol.co\/wp-content\/uploads\/2024\/07\/Imagen2-1.jpg","articleSection":["Otros Deportes"],"inLanguage":"es","potentialAction":[{"@type":"CommentAction","name":"Comment","target":["https:\/\/www.pasegol.co\/?p=10240#respond"]}]},{"@type":"WebPage","@id":"https:\/\/www.pasegol.co\/?p=10240","url":"https:\/\/www.pasegol.co\/?p=10240","name":"Juegos Ol\u00edmpicos Par\u00eds 2024: los deportistas colombianos en b\u00fasqueda de la gloria \u00a0\u00a0 - Pasegol","isPartOf":{"@id":"https:\/\/www.pasegol.co\/#website"},"primaryImageOfPage":{"@id":"https:\/\/www.pasegol.co\/?p=10240#primaryimage"},"image":{"@id":"https:\/\/www.pasegol.co\/?p=10240#primaryimage"},"thumbnailUrl":"https:\/\/www.pasegol.co\/wp-content\/uploads\/2024\/07\/Imagen2-1.jpg","datePublished":"2024-07-25T21:54:33+00:00","dateModified":"2024-07-25T21:56:29+00:00","author":{"@id":"https:\/\/www.pasegol.co\/#\/schema\/person\/5dcbdba3660918f3a5888187e590c98d"},"breadcrumb":{"@id":"https:\/\/www.pasegol.co\/?p=10240#breadcrumb"},"inLanguage":"es","potentialAction":[{"@type":"ReadAction","target":["https:\/\/www.pasegol.co\/?p=10240"]}]},{"@type":"ImageObject","inLanguage":"es","@id":"https:\/\/www.pasegol.co\/?p=10240#primaryimage","url":"https:\/\/www.pasegol.co\/wp-content\/uploads\/2024\/07\/Imagen2-1.jpg","contentUrl":"https:\/\/www.pasegol.co\/wp-content\/uploads\/2024\/07\/Imagen2-1.jpg","width":1350,"height":759},{"@type":"BreadcrumbList","@id":"https:\/\/www.pasegol.co\/?p=10240#breadcrumb","itemListElement":[{"@type":"ListItem","position":1,"name":"Portada","item":"https:\/\/www.pasegol.co\/"},{"@type":"ListItem","position":2,"name":"Juegos Ol\u00edmpicos Par\u00eds 2024: los deportistas colombianos en b\u00fasqueda de la gloria \u00a0\u00a0"}]},{"@type":"WebSite","@id":"https:\/\/www.pasegol.co\/#website","url":"https:\/\/www.pasegol.co\/","name":"Pasegol","description":"","potentialAction":[{"@type":"SearchAction","target":{"@type":"EntryPoint","urlTemplate":"https:\/\/www.pasegol.co\/?s={search_term_string}"},"query-input":{"@type":"PropertyValueSpecification","valueRequired":true,"valueName":"search_term_string"}}],"inLanguage":"es"},{"@type":"Person","@id":"https:\/\/www.pasegol.co\/#\/schema\/person\/5dcbdba3660918f3a5888187e590c98d","name":"admin","image":{"@type":"ImageObject","inLanguage":"es","@id":"https:\/\/secure.gravatar.com\/avatar\/6d5301d0b477734ae2e733a830f481b81baeceafd013269026e58933fe860278?s=96&d=mm&r=g","url":"https:\/\/secure.gravatar.com\/avatar\/6d5301d0b477734ae2e733a830f481b81baeceafd013269026e58933fe860278?s=96&d=mm&r=g","contentUrl":"https:\/\/secure.gravatar.com\/avatar\/6d5301d0b477734ae2e733a830f481b81baeceafd013269026e58933fe860278?s=96&d=mm&r=g","caption":"admin"},"sameAs":["https:\/\/www.pasegol.co"],"url":"https:\/\/www.pasegol.co\/?author=1"}]}},"_links":{"self":[{"href":"https:\/\/www.pasegol.co\/index.php?rest_route=\/wp\/v2\/posts\/10240","targetHints":{"allow":["GET"]}}],"collection":[{"href":"https:\/\/www.pasegol.co\/index.php?rest_route=\/wp\/v2\/posts"}],"about":[{"href":"https:\/\/www.pasegol.co\/index.php?rest_route=\/wp\/v2\/types\/post"}],"author":[{"embeddable":true,"href":"https:\/\/www.pasegol.co\/index.php?rest_route=\/wp\/v2\/users\/1"}],"replies":[{"embeddable":true,"href":"https:\/\/www.pasegol.co\/index.php?rest_route=%2Fwp%2Fv2%2Fcomments&post=10240"}],"version-history":[{"count":7,"href":"https:\/\/www.pasegol.co\/index.php?rest_route=\/wp\/v2\/posts\/10240\/revisions"}],"predecessor-version":[{"id":10248,"href":"https:\/\/www.pasegol.co\/index.php?rest_route=\/wp\/v2\/posts\/10240\/revisions\/10248"}],"wp:featuredmedia":[{"embeddable":true,"href":"https:\/\/www.pasegol.co\/index.php?rest_route=\/wp\/v2\/media\/10241"}],"wp:attachment":[{"href":"https:\/\/www.pasegol.co\/index.php?rest_route=%2Fwp%2Fv2%2Fmedia&parent=10240"}],"wp:term":[{"taxonomy":"category","embeddable":true,"href":"https:\/\/www.pasegol.co\/index.php?rest_route=%2Fwp%2Fv2%2Fcategories&post=10240"},{"taxonomy":"post_tag","embeddable":true,"href":"https:\/\/www.pasegol.co\/index.php?rest_route=%2Fwp%2Fv2%2Ftags&post=10240"}],"curies":[{"name":"wp","href":"https:\/\/api.w.org\/{rel}","templated":true}]}}