{"id":10645,"date":"2024-09-27T15:38:30","date_gmt":"2024-09-27T15:38:30","guid":{"rendered":"https:\/\/www.pasegol.co\/?p=10645"},"modified":"2024-09-27T15:42:02","modified_gmt":"2024-09-27T15:42:02","slug":"5000-ninos-y-ninas-competiran-en-la-final-departamental-del-festival-de-festivales-en-cundinamarca","status":"publish","type":"post","link":"https:\/\/www.pasegol.co\/?p=10645","title":{"rendered":"5000 ni\u00f1os y ni\u00f1as competir\u00e1n en la Final Departamental del Festival de Festivales en Cundinamarca."},"content":{"rendered":"\t\t<div data-elementor-type=\"wp-post\" data-elementor-id=\"10645\" class=\"elementor elementor-10645\" data-elementor-post-type=\"post\">\n\t\t\t\t\t\t<section class=\"penci-section penci-disSticky penci-structure-10 elementor-section elementor-top-section elementor-element elementor-element-fd7de3f elementor-section-boxed elementor-section-height-default elementor-section-height-default\" data-id=\"fd7de3f\" data-element_type=\"section\" data-e-type=\"section\">\n\t\t\t\t\t\t<div class=\"elementor-container elementor-column-gap-default\">\n\t\t\t\t\t<div class=\"penci-ercol-100 penci-ercol-order-1 penci-sticky-ct    elementor-column elementor-col-100 elementor-top-column elementor-element elementor-element-a14bf5e\" data-id=\"a14bf5e\" data-element_type=\"column\" data-e-type=\"column\">\n\t\t\t<div class=\"elementor-widget-wrap elementor-element-populated\">\n\t\t\t\t\t\t<div class=\"elementor-element elementor-element-58f1140 elementor-widget elementor-widget-image\" data-id=\"58f1140\" data-element_type=\"widget\" data-e-type=\"widget\" data-widget_type=\"image.default\">\n\t\t\t\t<div class=\"elementor-widget-container\">\n\t\t\t\t\t\t\t\t\t\t\t\t<figure class=\"wp-caption\">\n\t\t\t\t\t\t\t\t\t\t<img fetchpriority=\"high\" decoding=\"async\" width=\"1024\" height=\"768\" src=\"https:\/\/www.pasegol.co\/wp-content\/uploads\/2024\/09\/IMG_20240112_133354-scaled-1024x768.jpg\" class=\"attachment-large size-large wp-image-10646\" alt=\"\" srcset=\"https:\/\/www.pasegol.co\/wp-content\/uploads\/2024\/09\/IMG_20240112_133354-scaled-1024x768.jpg 1024w, https:\/\/www.pasegol.co\/wp-content\/uploads\/2024\/09\/IMG_20240112_133354-scaled-300x225.jpg 300w, https:\/\/www.pasegol.co\/wp-content\/uploads\/2024\/09\/IMG_20240112_133354-scaled-768x576.jpg 768w, https:\/\/www.pasegol.co\/wp-content\/uploads\/2024\/09\/IMG_20240112_133354-scaled-1536x1152.jpg 1536w, https:\/\/www.pasegol.co\/wp-content\/uploads\/2024\/09\/IMG_20240112_133354-scaled-2048x1536.jpg 2048w, https:\/\/www.pasegol.co\/wp-content\/uploads\/2024\/09\/IMG_20240112_133354-scaled-1920x1440.jpg 1920w, https:\/\/www.pasegol.co\/wp-content\/uploads\/2024\/09\/IMG_20240112_133354-scaled-1170x878.jpg 1170w, https:\/\/www.pasegol.co\/wp-content\/uploads\/2024\/09\/IMG_20240112_133354-scaled-585x439.jpg 585w, https:\/\/www.pasegol.co\/wp-content\/uploads\/2024\/09\/IMG_20240112_133354-scaled-1200x900.jpg 1200w\" sizes=\"(max-width: 1024px) 100vw, 1024px\" \/>\t\t\t\t\t\t\t\t\t\t\t<figcaption class=\"widget-image-caption wp-caption-text\">Foto: Vigor, La Fuerza de los Eventos<\/figcaption>\n\t\t\t\t\t\t\t\t\t\t<\/figure>\n\t\t\t\t\t\t\t\t\t<\/div>\n\t\t\t\t<\/div>\n\t\t\t\t<div class=\"elementor-element elementor-element-7a9c570 elementor-widget elementor-widget-text-editor\" data-id=\"7a9c570\" data-element_type=\"widget\" data-e-type=\"widget\" data-widget_type=\"text-editor.default\">\n\t\t\t\t<div class=\"elementor-widget-container\">\n\t\t\t\t\t\t\t\t\t<p><span style=\"color: #000000;\"><em>\u201cLlega el evento deportivo infantil m\u00e1s grande en la historia de Cundinamarca\u201d<\/em><\/span><\/p><p><span style=\"color: #000000;\">A partir de este viernes 27 de septiembre y hasta el lunes 14 de octubre, el municipio de Ch\u00eda ser\u00e1 sede de la Final Departamental del Festival de Festivales 2024. Evento que es clasificatorio a la gran Final Internacional Medell\u00edn 2025.<\/span><\/p><p><span style=\"color: #000000;\">5000 ni\u00f1os y ni\u00f1as, se concentrar\u00e1n en los escenarios deportivos de la Ciudad de Luna para competir en 27 disciplinas deportivas, tanto de conjunto como individuales, para las cuales se han venido preparando disciplinadamente.<\/span><\/p><p><span style=\"color: #000000;\">Ser\u00e1n 18 d\u00edas de competencias en los siguientes deportes:<\/span><br \/><span style=\"color: #000000;\"><strong>Deportes de conjunto:<\/strong><\/span><br \/><span style=\"color: #000000;\">Babybaloncesto<\/span><br \/><span style=\"color: #000000;\">Babyvoleibol<\/span><br \/><span style=\"color: #000000;\">Babyvoleibol playa<\/span><br \/><span style=\"color: #000000;\">Babymicro (microf\u00fatbol)<\/span><br \/><span style=\"color: #000000;\">Babyf\u00fatbol sala <\/span><br \/><span style=\"color: #000000;\">Babyf\u00fatbol playa<\/span><br \/><span style=\"color: #000000;\">Babyporrismo <\/span><br \/><span style=\"color: #000000;\"><strong>Deportes individuales:<\/strong><\/span><br \/><span style=\"color: #000000;\">Babyatletismo<\/span><br \/><span style=\"color: #000000;\">Babynataci\u00f3n<\/span><br \/><span style=\"color: #000000;\">Babyciclismo <\/span><br \/><span style=\"color: #000000;\">Babytenis de mesa <\/span><br \/><span style=\"color: #000000;\">Babytenis de campo<\/span><br \/><span style=\"color: #000000;\">Babypatinaje <\/span><br \/><span style=\"color: #000000;\">Babytiro con arco<\/span><br \/><span style=\"color: #000000;\">Babyjudo<\/span><br \/><span style=\"color: #000000;\">Babytaekwondo <\/span><br \/><span style=\"color: #000000;\">Babyesgrima<\/span><br \/><span style=\"color: #000000;\">Babytejo <\/span><br \/><span style=\"color: #000000;\">Babyb\u00e1dminton <\/span><br \/><span style=\"color: #000000;\">Babybolos<\/span><br \/><span style=\"color: #000000;\">Babybmx <\/span><br \/><span style=\"color: #000000;\">Babyajedrez <\/span><br \/><br \/><span style=\"color: #000000;\">Al igual, en la edici\u00f3n del 2024; \u00a0Vigor, La Fuerza de los Eventos, empresa organizadora de la final departamental; ha querido innovar, implementando <strong>nuevas disciplinas deportivas: <br \/><\/strong>Babykarate<\/span><br \/><span style=\"color: #000000;\">Babygimnasia <\/span><br \/><br \/><span style=\"color: #000000;\">Babylevantamiento de pesas <\/span><br \/><span style=\"color: #000000;\">Babyactividades subacu\u00e1ticas <\/span><br \/><br \/><span style=\"color: #000000;\">\u201c<em>La Final Departamental del Festival de Festivales, se ha convertido, con el paso de los a\u00f1os, en las olimpiadas de los ni\u00f1os en Cundinamarca, siendo reconocidos por\u00a0 la excelente organizaci\u00f3n y trato diferencial que se le brinda a los deportistas\u201d, se\u00f1al\u00f3,<\/em> Henry Contreras Valencia, gerente de Vigor la Fuerza de los Eventos, empresa organizadora de la Final Departamental del Festival de Festivales en Cundinamarca.<\/span><\/p><p><span style=\"color: #000000;\">Es as\u00ed, como en la edici\u00f3n 2024, el alcalde de Ch\u00eda, Leonardo Donoso, y el director del Instituto Municipal de Recreaci\u00f3n y Deportes, Alexander G\u00f3mez, han decidido apoyar el desarrollo de este evento deportivo, proporcionando los espacios, escenarios y log\u00edstica id\u00f3nea para que los talentosos ni\u00f1os y ni\u00f1as de Cundinamarca, se sientan como deportistas profesionales y puedan cumplir su sue\u00f1o de competir por un cupo a la Gran Final Internacional del Festival de Festivales-Medell\u00edn 2025.<\/span><\/p><p><span style=\"color: #000000;\">Con las competencias en desarrollo en 5 deportes desde este viernes 27 de septiembre con el Babybaloncesto, Babyesgrima, Babytenis de mesa, babyb\u00e1dminton y baby levantamiento de pesas; se contempla que para el pr\u00f3ximo 4 de octubre se realice la inauguraci\u00f3n de la Final Departamental en el Coliseo de la Luna de Ch\u00eda, en un sorprendente acto protocolario; que, adem\u00e1s, le dar\u00e1 inicio al Babyf\u00fatbol Colanta. Esta tradicional y esperada competencia del f\u00fatbol infantil que entrega el anhelado cupo para jugar en la m\u00edtica cancha Marte1 de la Unidad Deportiva Atanasio Girardot de la capital de la monta\u00f1a.<\/span><\/p><p><span style=\"color: #000000;\">La Final Departamental del Festival de Festivales en Cundinamarca, que tendr\u00e1 tambi\u00e9n como sub sede al municipio de Tenjo, concluir\u00e1 el lunes 14 de octubre con el Babyatletismo; deporte en el que, el departamento ha logrado llevar a Medell\u00edn grandes representantes en pruebas de pista y campo.<\/span><\/p><p><span style=\"color: #000000;\">El Festival de Festivales, que est\u00e1 cumpliendo 40 a\u00f1os de creaci\u00f3n y que desde 1984, a trav\u00e9s de la Corporaci\u00f3n Deportiva Los Paisitas, le ha abierto las puertas en su carrera deportiva, a quienes hoy, son reconocidas figuras nacionales e internacionales, abre el tel\u00f3n en Cundinamarca y espera llevar como ha sido tradici\u00f3n la delegaci\u00f3n m\u00e1s numerosa a Medell\u00edn en enero del 2025.<\/span><\/p><p><strong><em><span style=\"color: #000000;\">\u00a1Por la Grandeza de nuestros ni\u00f1os!\u00a0<\/span> <br \/><br \/><\/em><\/strong><\/p>\t\t\t\t\t\t\t\t<\/div>\n\t\t\t\t<\/div>\n\t\t\t\t\t<\/div>\n\t\t<\/div>\n\t\t\t\t\t<\/div>\n\t\t<\/section>\n\t\t\t\t<\/div>\n\t\t","protected":false},"excerpt":{"rendered":"<p>Foto: Vigor, La Fuerza de los Eventos \u201cLlega el evento deportivo infantil m\u00e1s grande en&hellip;<\/p>\n","protected":false},"author":1,"featured_media":10647,"comment_status":"open","ping_status":"open","sticky":false,"template":"","format":"standard","meta":{"content-type":"","_lmt_disableupdate":"","_lmt_disable":"","footnotes":""},"categories":[10],"tags":[],"class_list":["post-10645","post","type-post","status-publish","format-standard","has-post-thumbnail","hentry","category-otros-deportes"],"yoast_head":"<!-- This site is optimized with the Yoast SEO Premium plugin v21.2 (Yoast SEO v27.5) - https:\/\/yoast.com\/product\/yoast-seo-premium-wordpress\/ -->\n<title>5000 ni\u00f1os y ni\u00f1as competir\u00e1n en la Final Departamental del Festival de Festivales en Cundinamarca. - Pasegol<\/title>\n<meta name=\"robots\" content=\"index, follow, max-snippet:-1, max-image-preview:large, max-video-preview:-1\" \/>\n<link rel=\"canonical\" href=\"https:\/\/www.pasegol.co\/?p=10645\" \/>\n<meta property=\"og:locale\" content=\"es_ES\" \/>\n<meta property=\"og:type\" content=\"article\" \/>\n<meta property=\"og:title\" content=\"5000 ni\u00f1os y ni\u00f1as competir\u00e1n en la Final Departamental del Festival de Festivales en Cundinamarca.\" \/>\n<meta property=\"og:description\" content=\"Foto: Vigor, La Fuerza de los Eventos \u201cLlega el evento deportivo infantil m\u00e1s grande en&hellip;\" \/>\n<meta property=\"og:url\" content=\"https:\/\/www.pasegol.co\/?p=10645\" \/>\n<meta property=\"og:site_name\" content=\"Pasegol\" \/>\n<meta property=\"article:published_time\" content=\"2024-09-27T15:38:30+00:00\" \/>\n<meta property=\"article:modified_time\" content=\"2024-09-27T15:42:02+00:00\" \/>\n<meta property=\"og:image\" content=\"https:\/\/www.pasegol.co\/wp-content\/uploads\/2024\/09\/WhatsApp-Image-2024-09-27-at-9.51.24-AM.jpeg\" \/>\n\t<meta property=\"og:image:width\" content=\"1600\" \/>\n\t<meta property=\"og:image:height\" content=\"1200\" \/>\n\t<meta property=\"og:image:type\" content=\"image\/jpeg\" \/>\n<meta name=\"author\" content=\"admin\" \/>\n<meta name=\"twitter:card\" content=\"summary_large_image\" \/>\n<meta name=\"twitter:label1\" content=\"Escrito por\" \/>\n\t<meta name=\"twitter:data1\" content=\"admin\" \/>\n\t<meta name=\"twitter:label2\" content=\"Tiempo de lectura\" \/>\n\t<meta name=\"twitter:data2\" content=\"3 minutos\" \/>\n<script type=\"application\/ld+json\" class=\"yoast-schema-graph\">{\"@context\":\"https:\\\/\\\/schema.org\",\"@graph\":[{\"@type\":\"Article\",\"@id\":\"https:\\\/\\\/www.pasegol.co\\\/?p=10645#article\",\"isPartOf\":{\"@id\":\"https:\\\/\\\/www.pasegol.co\\\/?p=10645\"},\"author\":{\"name\":\"admin\",\"@id\":\"https:\\\/\\\/www.pasegol.co\\\/#\\\/schema\\\/person\\\/5dcbdba3660918f3a5888187e590c98d\"},\"headline\":\"5000 ni\u00f1os y ni\u00f1as competir\u00e1n en la Final Departamental del Festival de Festivales en Cundinamarca.\",\"datePublished\":\"2024-09-27T15:38:30+00:00\",\"dateModified\":\"2024-09-27T15:42:02+00:00\",\"mainEntityOfPage\":{\"@id\":\"https:\\\/\\\/www.pasegol.co\\\/?p=10645\"},\"wordCount\":563,\"commentCount\":0,\"image\":{\"@id\":\"https:\\\/\\\/www.pasegol.co\\\/?p=10645#primaryimage\"},\"thumbnailUrl\":\"https:\\\/\\\/www.pasegol.co\\\/wp-content\\\/uploads\\\/2024\\\/09\\\/WhatsApp-Image-2024-09-27-at-9.51.24-AM.jpeg\",\"articleSection\":[\"Otros Deportes\"],\"inLanguage\":\"es\",\"potentialAction\":[{\"@type\":\"CommentAction\",\"name\":\"Comment\",\"target\":[\"https:\\\/\\\/www.pasegol.co\\\/?p=10645#respond\"]}]},{\"@type\":\"WebPage\",\"@id\":\"https:\\\/\\\/www.pasegol.co\\\/?p=10645\",\"url\":\"https:\\\/\\\/www.pasegol.co\\\/?p=10645\",\"name\":\"5000 ni\u00f1os y ni\u00f1as competir\u00e1n en la Final Departamental del Festival de Festivales en Cundinamarca. - Pasegol\",\"isPartOf\":{\"@id\":\"https:\\\/\\\/www.pasegol.co\\\/#website\"},\"primaryImageOfPage\":{\"@id\":\"https:\\\/\\\/www.pasegol.co\\\/?p=10645#primaryimage\"},\"image\":{\"@id\":\"https:\\\/\\\/www.pasegol.co\\\/?p=10645#primaryimage\"},\"thumbnailUrl\":\"https:\\\/\\\/www.pasegol.co\\\/wp-content\\\/uploads\\\/2024\\\/09\\\/WhatsApp-Image-2024-09-27-at-9.51.24-AM.jpeg\",\"datePublished\":\"2024-09-27T15:38:30+00:00\",\"dateModified\":\"2024-09-27T15:42:02+00:00\",\"author\":{\"@id\":\"https:\\\/\\\/www.pasegol.co\\\/#\\\/schema\\\/person\\\/5dcbdba3660918f3a5888187e590c98d\"},\"breadcrumb\":{\"@id\":\"https:\\\/\\\/www.pasegol.co\\\/?p=10645#breadcrumb\"},\"inLanguage\":\"es\",\"potentialAction\":[{\"@type\":\"ReadAction\",\"target\":[\"https:\\\/\\\/www.pasegol.co\\\/?p=10645\"]}]},{\"@type\":\"ImageObject\",\"inLanguage\":\"es\",\"@id\":\"https:\\\/\\\/www.pasegol.co\\\/?p=10645#primaryimage\",\"url\":\"https:\\\/\\\/www.pasegol.co\\\/wp-content\\\/uploads\\\/2024\\\/09\\\/WhatsApp-Image-2024-09-27-at-9.51.24-AM.jpeg\",\"contentUrl\":\"https:\\\/\\\/www.pasegol.co\\\/wp-content\\\/uploads\\\/2024\\\/09\\\/WhatsApp-Image-2024-09-27-at-9.51.24-AM.jpeg\",\"width\":1600,\"height\":1200},{\"@type\":\"BreadcrumbList\",\"@id\":\"https:\\\/\\\/www.pasegol.co\\\/?p=10645#breadcrumb\",\"itemListElement\":[{\"@type\":\"ListItem\",\"position\":1,\"name\":\"Portada\",\"item\":\"https:\\\/\\\/www.pasegol.co\\\/\"},{\"@type\":\"ListItem\",\"position\":2,\"name\":\"5000 ni\u00f1os y ni\u00f1as competir\u00e1n en la Final Departamental del Festival de Festivales en Cundinamarca.\"}]},{\"@type\":\"WebSite\",\"@id\":\"https:\\\/\\\/www.pasegol.co\\\/#website\",\"url\":\"https:\\\/\\\/www.pasegol.co\\\/\",\"name\":\"Pasegol\",\"description\":\"\",\"potentialAction\":[{\"@type\":\"SearchAction\",\"target\":{\"@type\":\"EntryPoint\",\"urlTemplate\":\"https:\\\/\\\/www.pasegol.co\\\/?s={search_term_string}\"},\"query-input\":{\"@type\":\"PropertyValueSpecification\",\"valueRequired\":true,\"valueName\":\"search_term_string\"}}],\"inLanguage\":\"es\"},{\"@type\":\"Person\",\"@id\":\"https:\\\/\\\/www.pasegol.co\\\/#\\\/schema\\\/person\\\/5dcbdba3660918f3a5888187e590c98d\",\"name\":\"admin\",\"image\":{\"@type\":\"ImageObject\",\"inLanguage\":\"es\",\"@id\":\"https:\\\/\\\/secure.gravatar.com\\\/avatar\\\/6d5301d0b477734ae2e733a830f481b81baeceafd013269026e58933fe860278?s=96&d=mm&r=g\",\"url\":\"https:\\\/\\\/secure.gravatar.com\\\/avatar\\\/6d5301d0b477734ae2e733a830f481b81baeceafd013269026e58933fe860278?s=96&d=mm&r=g\",\"contentUrl\":\"https:\\\/\\\/secure.gravatar.com\\\/avatar\\\/6d5301d0b477734ae2e733a830f481b81baeceafd013269026e58933fe860278?s=96&d=mm&r=g\",\"caption\":\"admin\"},\"sameAs\":[\"https:\\\/\\\/www.pasegol.co\"],\"url\":\"https:\\\/\\\/www.pasegol.co\\\/?author=1\"}]}<\/script>\n<!-- \/ Yoast SEO Premium plugin. -->","yoast_head_json":{"title":"5000 ni\u00f1os y ni\u00f1as competir\u00e1n en la Final Departamental del Festival de Festivales en Cundinamarca. - Pasegol","robots":{"index":"index","follow":"follow","max-snippet":"max-snippet:-1","max-image-preview":"max-image-preview:large","max-video-preview":"max-video-preview:-1"},"canonical":"https:\/\/www.pasegol.co\/?p=10645","og_locale":"es_ES","og_type":"article","og_title":"5000 ni\u00f1os y ni\u00f1as competir\u00e1n en la Final Departamental del Festival de Festivales en Cundinamarca.","og_description":"Foto: Vigor, La Fuerza de los Eventos \u201cLlega el evento deportivo infantil m\u00e1s grande en&hellip;","og_url":"https:\/\/www.pasegol.co\/?p=10645","og_site_name":"Pasegol","article_published_time":"2024-09-27T15:38:30+00:00","article_modified_time":"2024-09-27T15:42:02+00:00","og_image":[{"width":1600,"height":1200,"url":"https:\/\/www.pasegol.co\/wp-content\/uploads\/2024\/09\/WhatsApp-Image-2024-09-27-at-9.51.24-AM.jpeg","type":"image\/jpeg"}],"author":"admin","twitter_card":"summary_large_image","twitter_misc":{"Escrito por":"admin","Tiempo de lectura":"3 minutos"},"schema":{"@context":"https:\/\/schema.org","@graph":[{"@type":"Article","@id":"https:\/\/www.pasegol.co\/?p=10645#article","isPartOf":{"@id":"https:\/\/www.pasegol.co\/?p=10645"},"author":{"name":"admin","@id":"https:\/\/www.pasegol.co\/#\/schema\/person\/5dcbdba3660918f3a5888187e590c98d"},"headline":"5000 ni\u00f1os y ni\u00f1as competir\u00e1n en la Final Departamental del Festival de Festivales en Cundinamarca.","datePublished":"2024-09-27T15:38:30+00:00","dateModified":"2024-09-27T15:42:02+00:00","mainEntityOfPage":{"@id":"https:\/\/www.pasegol.co\/?p=10645"},"wordCount":563,"commentCount":0,"image":{"@id":"https:\/\/www.pasegol.co\/?p=10645#primaryimage"},"thumbnailUrl":"https:\/\/www.pasegol.co\/wp-content\/uploads\/2024\/09\/WhatsApp-Image-2024-09-27-at-9.51.24-AM.jpeg","articleSection":["Otros Deportes"],"inLanguage":"es","potentialAction":[{"@type":"CommentAction","name":"Comment","target":["https:\/\/www.pasegol.co\/?p=10645#respond"]}]},{"@type":"WebPage","@id":"https:\/\/www.pasegol.co\/?p=10645","url":"https:\/\/www.pasegol.co\/?p=10645","name":"5000 ni\u00f1os y ni\u00f1as competir\u00e1n en la Final Departamental del Festival de Festivales en Cundinamarca. - Pasegol","isPartOf":{"@id":"https:\/\/www.pasegol.co\/#website"},"primaryImageOfPage":{"@id":"https:\/\/www.pasegol.co\/?p=10645#primaryimage"},"image":{"@id":"https:\/\/www.pasegol.co\/?p=10645#primaryimage"},"thumbnailUrl":"https:\/\/www.pasegol.co\/wp-content\/uploads\/2024\/09\/WhatsApp-Image-2024-09-27-at-9.51.24-AM.jpeg","datePublished":"2024-09-27T15:38:30+00:00","dateModified":"2024-09-27T15:42:02+00:00","author":{"@id":"https:\/\/www.pasegol.co\/#\/schema\/person\/5dcbdba3660918f3a5888187e590c98d"},"breadcrumb":{"@id":"https:\/\/www.pasegol.co\/?p=10645#breadcrumb"},"inLanguage":"es","potentialAction":[{"@type":"ReadAction","target":["https:\/\/www.pasegol.co\/?p=10645"]}]},{"@type":"ImageObject","inLanguage":"es","@id":"https:\/\/www.pasegol.co\/?p=10645#primaryimage","url":"https:\/\/www.pasegol.co\/wp-content\/uploads\/2024\/09\/WhatsApp-Image-2024-09-27-at-9.51.24-AM.jpeg","contentUrl":"https:\/\/www.pasegol.co\/wp-content\/uploads\/2024\/09\/WhatsApp-Image-2024-09-27-at-9.51.24-AM.jpeg","width":1600,"height":1200},{"@type":"BreadcrumbList","@id":"https:\/\/www.pasegol.co\/?p=10645#breadcrumb","itemListElement":[{"@type":"ListItem","position":1,"name":"Portada","item":"https:\/\/www.pasegol.co\/"},{"@type":"ListItem","position":2,"name":"5000 ni\u00f1os y ni\u00f1as competir\u00e1n en la Final Departamental del Festival de Festivales en Cundinamarca."}]},{"@type":"WebSite","@id":"https:\/\/www.pasegol.co\/#website","url":"https:\/\/www.pasegol.co\/","name":"Pasegol","description":"","potentialAction":[{"@type":"SearchAction","target":{"@type":"EntryPoint","urlTemplate":"https:\/\/www.pasegol.co\/?s={search_term_string}"},"query-input":{"@type":"PropertyValueSpecification","valueRequired":true,"valueName":"search_term_string"}}],"inLanguage":"es"},{"@type":"Person","@id":"https:\/\/www.pasegol.co\/#\/schema\/person\/5dcbdba3660918f3a5888187e590c98d","name":"admin","image":{"@type":"ImageObject","inLanguage":"es","@id":"https:\/\/secure.gravatar.com\/avatar\/6d5301d0b477734ae2e733a830f481b81baeceafd013269026e58933fe860278?s=96&d=mm&r=g","url":"https:\/\/secure.gravatar.com\/avatar\/6d5301d0b477734ae2e733a830f481b81baeceafd013269026e58933fe860278?s=96&d=mm&r=g","contentUrl":"https:\/\/secure.gravatar.com\/avatar\/6d5301d0b477734ae2e733a830f481b81baeceafd013269026e58933fe860278?s=96&d=mm&r=g","caption":"admin"},"sameAs":["https:\/\/www.pasegol.co"],"url":"https:\/\/www.pasegol.co\/?author=1"}]}},"_links":{"self":[{"href":"https:\/\/www.pasegol.co\/index.php?rest_route=\/wp\/v2\/posts\/10645","targetHints":{"allow":["GET"]}}],"collection":[{"href":"https:\/\/www.pasegol.co\/index.php?rest_route=\/wp\/v2\/posts"}],"about":[{"href":"https:\/\/www.pasegol.co\/index.php?rest_route=\/wp\/v2\/types\/post"}],"author":[{"embeddable":true,"href":"https:\/\/www.pasegol.co\/index.php?rest_route=\/wp\/v2\/users\/1"}],"replies":[{"embeddable":true,"href":"https:\/\/www.pasegol.co\/index.php?rest_route=%2Fwp%2Fv2%2Fcomments&post=10645"}],"version-history":[{"count":7,"href":"https:\/\/www.pasegol.co\/index.php?rest_route=\/wp\/v2\/posts\/10645\/revisions"}],"predecessor-version":[{"id":10654,"href":"https:\/\/www.pasegol.co\/index.php?rest_route=\/wp\/v2\/posts\/10645\/revisions\/10654"}],"wp:featuredmedia":[{"embeddable":true,"href":"https:\/\/www.pasegol.co\/index.php?rest_route=\/wp\/v2\/media\/10647"}],"wp:attachment":[{"href":"https:\/\/www.pasegol.co\/index.php?rest_route=%2Fwp%2Fv2%2Fmedia&parent=10645"}],"wp:term":[{"taxonomy":"category","embeddable":true,"href":"https:\/\/www.pasegol.co\/index.php?rest_route=%2Fwp%2Fv2%2Fcategories&post=10645"},{"taxonomy":"post_tag","embeddable":true,"href":"https:\/\/www.pasegol.co\/index.php?rest_route=%2Fwp%2Fv2%2Ftags&post=10645"}],"curies":[{"name":"wp","href":"https:\/\/api.w.org\/{rel}","templated":true}]}}