{"id":12345,"date":"2025-11-11T21:34:00","date_gmt":"2025-11-11T21:34:00","guid":{"rendered":"https:\/\/www.pasegol.co\/?p=12345"},"modified":"2025-11-11T21:34:02","modified_gmt":"2025-11-11T21:34:02","slug":"el-regiotram-del-norte-es-una-realidad","status":"publish","type":"post","link":"https:\/\/www.pasegol.co\/?p=12345","title":{"rendered":"\u00a1El Regiotram del Norte es una realidad!"},"content":{"rendered":"\n<p>Durante un encuentro en el Ministerio de Hacienda, el alcalde de Ch\u00eda Leonardo Donoso junto con la alcaldesa de Cajic\u00e1 y el alcalde de Zipaquir\u00e1, hicieron parte de la firma del convenio de cofinanciaci\u00f3n entre el Departamento de Cundinamarca y la Naci\u00f3n por 15,4 billones de pesos, que har\u00e1 posible el Regiotram del Norte, una nueva modalidad de transporte que transformar\u00e1 la movilidad en la Sabana de Cundinamarca.<\/p>\n\n\n\n<p>Este acuerdo habilita finalmente el proceso para avanzar en la estructuraci\u00f3n t\u00e9cnica y jur\u00eddica del sistema f\u00e9rreo que transformar\u00e1 la movilidad de la Sabana hacia Bogot\u00e1.<\/p>\n\n\n\n<p>Ser\u00e1n 187.000 pasajeros al d\u00eda los que se ver\u00e1n beneficiados por este proyecto, que propone un tren 100% el\u00e9ctrico, con una extensi\u00f3n de 50 kil\u00f3metros y 17 estaciones distribuidas as\u00ed: 1 en Ch\u00eda, 3 en Cajic\u00e1, 2 en Zipaquir\u00e1 y 11 en Bogot\u00e1.<\/p>\n\n\n\n<p>De esta manera, este corredor f\u00e9rreo ofrecer\u00e1 una alternativa real y sostenible a la congesti\u00f3n diaria del corredor vial que conecta a la capital con la sabana. As\u00ed las cosas, este sistema brindar\u00e1 una soluci\u00f3n concreta a miles de habitantes que, durante a\u00f1os, han esperado opciones de transporte distintas a la Autopista Norte y la conexi\u00f3n Cota\u2013Calle 80, reduciendo tiempos de desplazamiento y mejorando la calidad de vida en toda la regi\u00f3n.<\/p>\n\n\n\n<p>Con este paso, Ch\u00eda reafirma su compromiso con una movilidad sostenible, trabajando de manera articulada con la Gobernaci\u00f3n de Cundinamarca y el Gobierno Nacional para avanzar hacia un modelo de transporte moderno, limpio y regional, porque la movilidad del norte se transforma con decisiones que s\u00ed se concretan.<\/p>\n","protected":false},"excerpt":{"rendered":"<p>Durante un encuentro en el Ministerio de Hacienda, el alcalde de Ch\u00eda Leonardo Donoso junto&hellip;<\/p>\n","protected":false},"author":1,"featured_media":12346,"comment_status":"open","ping_status":"open","sticky":false,"template":"","format":"standard","meta":{"content-type":"","_lmt_disableupdate":"","_lmt_disable":"","footnotes":""},"categories":[15],"tags":[168,109,116,131,146,220],"class_list":["post-12345","post","type-post","status-publish","format-standard","has-post-thumbnail","hentry","category-union-noticias","tag-alcaldia-de-chia-2","tag-chia","tag-cundinamarca","tag-jorge-emilio-rey","tag-leonardo-donoso","tag-regiotram"],"yoast_head":"<!-- This site is optimized with the Yoast SEO Premium plugin v21.2 (Yoast SEO v27.5) - https:\/\/yoast.com\/product\/yoast-seo-premium-wordpress\/ -->\n<title>\u00a1El Regiotram del Norte es una realidad! - Pasegol<\/title>\n<meta name=\"robots\" content=\"index, follow, max-snippet:-1, max-image-preview:large, max-video-preview:-1\" \/>\n<link rel=\"canonical\" href=\"https:\/\/www.pasegol.co\/?p=12345\" \/>\n<meta property=\"og:locale\" content=\"es_ES\" \/>\n<meta property=\"og:type\" content=\"article\" \/>\n<meta property=\"og:title\" content=\"\u00a1El Regiotram del Norte es una realidad!\" \/>\n<meta property=\"og:description\" content=\"Durante un encuentro en el Ministerio de Hacienda, el alcalde de Ch\u00eda Leonardo Donoso junto&hellip;\" \/>\n<meta property=\"og:url\" content=\"https:\/\/www.pasegol.co\/?p=12345\" \/>\n<meta property=\"og:site_name\" content=\"Pasegol\" \/>\n<meta property=\"article:published_time\" content=\"2025-11-11T21:34:00+00:00\" \/>\n<meta property=\"article:modified_time\" content=\"2025-11-11T21:34:02+00:00\" \/>\n<meta property=\"og:image\" content=\"https:\/\/www.pasegol.co\/wp-content\/uploads\/2025\/11\/577818627_122255256428035527_1548269916454695490_n.jpg\" \/>\n\t<meta property=\"og:image:width\" content=\"1600\" \/>\n\t<meta property=\"og:image:height\" content=\"1600\" \/>\n\t<meta property=\"og:image:type\" content=\"image\/jpeg\" \/>\n<meta name=\"author\" content=\"admin\" \/>\n<meta name=\"twitter:card\" content=\"summary_large_image\" \/>\n<meta name=\"twitter:label1\" content=\"Escrito por\" \/>\n\t<meta name=\"twitter:data1\" content=\"admin\" \/>\n\t<meta name=\"twitter:label2\" content=\"Tiempo de lectura\" \/>\n\t<meta name=\"twitter:data2\" content=\"2 minutos\" \/>\n<script type=\"application\/ld+json\" class=\"yoast-schema-graph\">{\"@context\":\"https:\\\/\\\/schema.org\",\"@graph\":[{\"@type\":\"Article\",\"@id\":\"https:\\\/\\\/www.pasegol.co\\\/?p=12345#article\",\"isPartOf\":{\"@id\":\"https:\\\/\\\/www.pasegol.co\\\/?p=12345\"},\"author\":{\"name\":\"admin\",\"@id\":\"https:\\\/\\\/www.pasegol.co\\\/#\\\/schema\\\/person\\\/5dcbdba3660918f3a5888187e590c98d\"},\"headline\":\"\u00a1El Regiotram del Norte es una realidad!\",\"datePublished\":\"2025-11-11T21:34:00+00:00\",\"dateModified\":\"2025-11-11T21:34:02+00:00\",\"mainEntityOfPage\":{\"@id\":\"https:\\\/\\\/www.pasegol.co\\\/?p=12345\"},\"wordCount\":277,\"commentCount\":0,\"image\":{\"@id\":\"https:\\\/\\\/www.pasegol.co\\\/?p=12345#primaryimage\"},\"thumbnailUrl\":\"https:\\\/\\\/www.pasegol.co\\\/wp-content\\\/uploads\\\/2025\\\/11\\\/577818627_122255256428035527_1548269916454695490_n.jpg\",\"keywords\":[\"Alcald\u00eda de Ch\u00eda\",\"Ch\u00eda\",\"Cundinamarca\",\"Jorge Emilio Rey\",\"Leonardo Donoso\",\"regiotram\"],\"articleSection\":[\"Union Noticias\"],\"inLanguage\":\"es\",\"potentialAction\":[{\"@type\":\"CommentAction\",\"name\":\"Comment\",\"target\":[\"https:\\\/\\\/www.pasegol.co\\\/?p=12345#respond\"]}]},{\"@type\":\"WebPage\",\"@id\":\"https:\\\/\\\/www.pasegol.co\\\/?p=12345\",\"url\":\"https:\\\/\\\/www.pasegol.co\\\/?p=12345\",\"name\":\"\u00a1El Regiotram del Norte es una realidad! - Pasegol\",\"isPartOf\":{\"@id\":\"https:\\\/\\\/www.pasegol.co\\\/#website\"},\"primaryImageOfPage\":{\"@id\":\"https:\\\/\\\/www.pasegol.co\\\/?p=12345#primaryimage\"},\"image\":{\"@id\":\"https:\\\/\\\/www.pasegol.co\\\/?p=12345#primaryimage\"},\"thumbnailUrl\":\"https:\\\/\\\/www.pasegol.co\\\/wp-content\\\/uploads\\\/2025\\\/11\\\/577818627_122255256428035527_1548269916454695490_n.jpg\",\"datePublished\":\"2025-11-11T21:34:00+00:00\",\"dateModified\":\"2025-11-11T21:34:02+00:00\",\"author\":{\"@id\":\"https:\\\/\\\/www.pasegol.co\\\/#\\\/schema\\\/person\\\/5dcbdba3660918f3a5888187e590c98d\"},\"breadcrumb\":{\"@id\":\"https:\\\/\\\/www.pasegol.co\\\/?p=12345#breadcrumb\"},\"inLanguage\":\"es\",\"potentialAction\":[{\"@type\":\"ReadAction\",\"target\":[\"https:\\\/\\\/www.pasegol.co\\\/?p=12345\"]}]},{\"@type\":\"ImageObject\",\"inLanguage\":\"es\",\"@id\":\"https:\\\/\\\/www.pasegol.co\\\/?p=12345#primaryimage\",\"url\":\"https:\\\/\\\/www.pasegol.co\\\/wp-content\\\/uploads\\\/2025\\\/11\\\/577818627_122255256428035527_1548269916454695490_n.jpg\",\"contentUrl\":\"https:\\\/\\\/www.pasegol.co\\\/wp-content\\\/uploads\\\/2025\\\/11\\\/577818627_122255256428035527_1548269916454695490_n.jpg\",\"width\":1600,\"height\":1600},{\"@type\":\"BreadcrumbList\",\"@id\":\"https:\\\/\\\/www.pasegol.co\\\/?p=12345#breadcrumb\",\"itemListElement\":[{\"@type\":\"ListItem\",\"position\":1,\"name\":\"Portada\",\"item\":\"https:\\\/\\\/www.pasegol.co\\\/\"},{\"@type\":\"ListItem\",\"position\":2,\"name\":\"\u00a1El Regiotram del Norte es una realidad!\"}]},{\"@type\":\"WebSite\",\"@id\":\"https:\\\/\\\/www.pasegol.co\\\/#website\",\"url\":\"https:\\\/\\\/www.pasegol.co\\\/\",\"name\":\"Pasegol\",\"description\":\"\",\"potentialAction\":[{\"@type\":\"SearchAction\",\"target\":{\"@type\":\"EntryPoint\",\"urlTemplate\":\"https:\\\/\\\/www.pasegol.co\\\/?s={search_term_string}\"},\"query-input\":{\"@type\":\"PropertyValueSpecification\",\"valueRequired\":true,\"valueName\":\"search_term_string\"}}],\"inLanguage\":\"es\"},{\"@type\":\"Person\",\"@id\":\"https:\\\/\\\/www.pasegol.co\\\/#\\\/schema\\\/person\\\/5dcbdba3660918f3a5888187e590c98d\",\"name\":\"admin\",\"image\":{\"@type\":\"ImageObject\",\"inLanguage\":\"es\",\"@id\":\"https:\\\/\\\/secure.gravatar.com\\\/avatar\\\/6d5301d0b477734ae2e733a830f481b81baeceafd013269026e58933fe860278?s=96&d=mm&r=g\",\"url\":\"https:\\\/\\\/secure.gravatar.com\\\/avatar\\\/6d5301d0b477734ae2e733a830f481b81baeceafd013269026e58933fe860278?s=96&d=mm&r=g\",\"contentUrl\":\"https:\\\/\\\/secure.gravatar.com\\\/avatar\\\/6d5301d0b477734ae2e733a830f481b81baeceafd013269026e58933fe860278?s=96&d=mm&r=g\",\"caption\":\"admin\"},\"sameAs\":[\"https:\\\/\\\/www.pasegol.co\"],\"url\":\"https:\\\/\\\/www.pasegol.co\\\/?author=1\"}]}<\/script>\n<!-- \/ Yoast SEO Premium plugin. -->","yoast_head_json":{"title":"\u00a1El Regiotram del Norte es una realidad! - Pasegol","robots":{"index":"index","follow":"follow","max-snippet":"max-snippet:-1","max-image-preview":"max-image-preview:large","max-video-preview":"max-video-preview:-1"},"canonical":"https:\/\/www.pasegol.co\/?p=12345","og_locale":"es_ES","og_type":"article","og_title":"\u00a1El Regiotram del Norte es una realidad!","og_description":"Durante un encuentro en el Ministerio de Hacienda, el alcalde de Ch\u00eda Leonardo Donoso junto&hellip;","og_url":"https:\/\/www.pasegol.co\/?p=12345","og_site_name":"Pasegol","article_published_time":"2025-11-11T21:34:00+00:00","article_modified_time":"2025-11-11T21:34:02+00:00","og_image":[{"width":1600,"height":1600,"url":"https:\/\/www.pasegol.co\/wp-content\/uploads\/2025\/11\/577818627_122255256428035527_1548269916454695490_n.jpg","type":"image\/jpeg"}],"author":"admin","twitter_card":"summary_large_image","twitter_misc":{"Escrito por":"admin","Tiempo de lectura":"2 minutos"},"schema":{"@context":"https:\/\/schema.org","@graph":[{"@type":"Article","@id":"https:\/\/www.pasegol.co\/?p=12345#article","isPartOf":{"@id":"https:\/\/www.pasegol.co\/?p=12345"},"author":{"name":"admin","@id":"https:\/\/www.pasegol.co\/#\/schema\/person\/5dcbdba3660918f3a5888187e590c98d"},"headline":"\u00a1El Regiotram del Norte es una realidad!","datePublished":"2025-11-11T21:34:00+00:00","dateModified":"2025-11-11T21:34:02+00:00","mainEntityOfPage":{"@id":"https:\/\/www.pasegol.co\/?p=12345"},"wordCount":277,"commentCount":0,"image":{"@id":"https:\/\/www.pasegol.co\/?p=12345#primaryimage"},"thumbnailUrl":"https:\/\/www.pasegol.co\/wp-content\/uploads\/2025\/11\/577818627_122255256428035527_1548269916454695490_n.jpg","keywords":["Alcald\u00eda de Ch\u00eda","Ch\u00eda","Cundinamarca","Jorge Emilio Rey","Leonardo Donoso","regiotram"],"articleSection":["Union Noticias"],"inLanguage":"es","potentialAction":[{"@type":"CommentAction","name":"Comment","target":["https:\/\/www.pasegol.co\/?p=12345#respond"]}]},{"@type":"WebPage","@id":"https:\/\/www.pasegol.co\/?p=12345","url":"https:\/\/www.pasegol.co\/?p=12345","name":"\u00a1El Regiotram del Norte es una realidad! - Pasegol","isPartOf":{"@id":"https:\/\/www.pasegol.co\/#website"},"primaryImageOfPage":{"@id":"https:\/\/www.pasegol.co\/?p=12345#primaryimage"},"image":{"@id":"https:\/\/www.pasegol.co\/?p=12345#primaryimage"},"thumbnailUrl":"https:\/\/www.pasegol.co\/wp-content\/uploads\/2025\/11\/577818627_122255256428035527_1548269916454695490_n.jpg","datePublished":"2025-11-11T21:34:00+00:00","dateModified":"2025-11-11T21:34:02+00:00","author":{"@id":"https:\/\/www.pasegol.co\/#\/schema\/person\/5dcbdba3660918f3a5888187e590c98d"},"breadcrumb":{"@id":"https:\/\/www.pasegol.co\/?p=12345#breadcrumb"},"inLanguage":"es","potentialAction":[{"@type":"ReadAction","target":["https:\/\/www.pasegol.co\/?p=12345"]}]},{"@type":"ImageObject","inLanguage":"es","@id":"https:\/\/www.pasegol.co\/?p=12345#primaryimage","url":"https:\/\/www.pasegol.co\/wp-content\/uploads\/2025\/11\/577818627_122255256428035527_1548269916454695490_n.jpg","contentUrl":"https:\/\/www.pasegol.co\/wp-content\/uploads\/2025\/11\/577818627_122255256428035527_1548269916454695490_n.jpg","width":1600,"height":1600},{"@type":"BreadcrumbList","@id":"https:\/\/www.pasegol.co\/?p=12345#breadcrumb","itemListElement":[{"@type":"ListItem","position":1,"name":"Portada","item":"https:\/\/www.pasegol.co\/"},{"@type":"ListItem","position":2,"name":"\u00a1El Regiotram del Norte es una realidad!"}]},{"@type":"WebSite","@id":"https:\/\/www.pasegol.co\/#website","url":"https:\/\/www.pasegol.co\/","name":"Pasegol","description":"","potentialAction":[{"@type":"SearchAction","target":{"@type":"EntryPoint","urlTemplate":"https:\/\/www.pasegol.co\/?s={search_term_string}"},"query-input":{"@type":"PropertyValueSpecification","valueRequired":true,"valueName":"search_term_string"}}],"inLanguage":"es"},{"@type":"Person","@id":"https:\/\/www.pasegol.co\/#\/schema\/person\/5dcbdba3660918f3a5888187e590c98d","name":"admin","image":{"@type":"ImageObject","inLanguage":"es","@id":"https:\/\/secure.gravatar.com\/avatar\/6d5301d0b477734ae2e733a830f481b81baeceafd013269026e58933fe860278?s=96&d=mm&r=g","url":"https:\/\/secure.gravatar.com\/avatar\/6d5301d0b477734ae2e733a830f481b81baeceafd013269026e58933fe860278?s=96&d=mm&r=g","contentUrl":"https:\/\/secure.gravatar.com\/avatar\/6d5301d0b477734ae2e733a830f481b81baeceafd013269026e58933fe860278?s=96&d=mm&r=g","caption":"admin"},"sameAs":["https:\/\/www.pasegol.co"],"url":"https:\/\/www.pasegol.co\/?author=1"}]}},"_links":{"self":[{"href":"https:\/\/www.pasegol.co\/index.php?rest_route=\/wp\/v2\/posts\/12345","targetHints":{"allow":["GET"]}}],"collection":[{"href":"https:\/\/www.pasegol.co\/index.php?rest_route=\/wp\/v2\/posts"}],"about":[{"href":"https:\/\/www.pasegol.co\/index.php?rest_route=\/wp\/v2\/types\/post"}],"author":[{"embeddable":true,"href":"https:\/\/www.pasegol.co\/index.php?rest_route=\/wp\/v2\/users\/1"}],"replies":[{"embeddable":true,"href":"https:\/\/www.pasegol.co\/index.php?rest_route=%2Fwp%2Fv2%2Fcomments&post=12345"}],"version-history":[{"count":1,"href":"https:\/\/www.pasegol.co\/index.php?rest_route=\/wp\/v2\/posts\/12345\/revisions"}],"predecessor-version":[{"id":12347,"href":"https:\/\/www.pasegol.co\/index.php?rest_route=\/wp\/v2\/posts\/12345\/revisions\/12347"}],"wp:featuredmedia":[{"embeddable":true,"href":"https:\/\/www.pasegol.co\/index.php?rest_route=\/wp\/v2\/media\/12346"}],"wp:attachment":[{"href":"https:\/\/www.pasegol.co\/index.php?rest_route=%2Fwp%2Fv2%2Fmedia&parent=12345"}],"wp:term":[{"taxonomy":"category","embeddable":true,"href":"https:\/\/www.pasegol.co\/index.php?rest_route=%2Fwp%2Fv2%2Fcategories&post=12345"},{"taxonomy":"post_tag","embeddable":true,"href":"https:\/\/www.pasegol.co\/index.php?rest_route=%2Fwp%2Fv2%2Ftags&post=12345"}],"curies":[{"name":"wp","href":"https:\/\/api.w.org\/{rel}","templated":true}]}}