{"id":15593,"date":"2026-09-01T14:34:52","date_gmt":"2026-09-01T14:34:52","guid":{"rendered":"https:\/\/www.pasegol.co\/?p=15593"},"modified":"2026-09-01T14:45:55","modified_gmt":"2026-09-01T14:45:55","slug":"lionel-messi-se-despide-de-la-seleccion-argentina-el-adios-de-un-idolo-que-marco-una-era","status":"publish","type":"post","link":"https:\/\/www.pasegol.co\/?p=15593","title":{"rendered":"Lionel Messi se despide de la Selecci\u00f3n Argentina: el adi\u00f3s de un \u00eddolo que marc\u00f3 una era."},"content":{"rendered":"\n<p class=\"wp-block-paragraph\"><strong>Tras 21 a\u00f1os con la camiseta albiceleste, Lionel Messi cerr\u00f3 su extraordinaria etapa con la Selecci\u00f3n Argentina. El m\u00e1ximo goleador y el futbolista con m\u00e1s partidos en la historia del combinado nacional deja una huella imborrable y un vac\u00edo que ser\u00e1 dif\u00edcil de llenar.<\/strong><\/p>\n\n\n\n<p class=\"wp-block-paragraph\">Lionel Messi le puso punto final a una de las historias m\u00e1s extraordinarias que haya vivido el f\u00fatbol internacional. Despu\u00e9s de\u00a0<strong>21 a\u00f1os defendiendo los colores de Argentina<\/strong>, el capit\u00e1n de la Albiceleste anunci\u00f3 su retiro de la selecci\u00f3n, cerrando un ciclo que comenz\u00f3 en 2005 y que termin\u00f3 convertido en una p\u00e1gina dorada de la historia del f\u00fatbol argentino y mundial.<\/p>\n\n\n\n<p class=\"wp-block-paragraph\">El adi\u00f3s llega despu\u00e9s de una trayectoria marcada por r\u00e9cords, t\u00edtulos, momentos de enorme emoci\u00f3n y una transformaci\u00f3n que llev\u00f3 a Messi de ser una joven promesa cuestionada en sus primeros a\u00f1os con la selecci\u00f3n a convertirse en el gran l\u00edder de una generaci\u00f3n y, para millones de aficionados, en&nbsp;<strong>el GOAT, el mejor de todos los tiempos<\/strong>.<\/p>\n\n\n\n<figure class=\"wp-block-image size-large\"><img fetchpriority=\"high\" decoding=\"async\" width=\"1024\" height=\"576\" src=\"https:\/\/www.pasegol.co\/wp-content\/uploads\/2026\/09\/3-1024x576.jpg\" alt=\"\" class=\"wp-image-15595\" srcset=\"https:\/\/www.pasegol.co\/wp-content\/uploads\/2026\/09\/3-1024x576.jpg 1024w, https:\/\/www.pasegol.co\/wp-content\/uploads\/2026\/09\/3-300x169.jpg 300w, https:\/\/www.pasegol.co\/wp-content\/uploads\/2026\/09\/3-768x432.jpg 768w, https:\/\/www.pasegol.co\/wp-content\/uploads\/2026\/09\/3-585x329.jpg 585w, https:\/\/www.pasegol.co\/wp-content\/uploads\/2026\/09\/3-1200x675.jpg 1200w, https:\/\/www.pasegol.co\/wp-content\/uploads\/2026\/09\/3-1170x658.jpg 1170w, https:\/\/www.pasegol.co\/wp-content\/uploads\/2026\/09\/3.jpg 1296w\" sizes=\"(max-width: 1024px) 100vw, 1024px\" \/><\/figure>\n\n\n\n<h2 class=\"wp-block-heading\">207 partidos y 125 goles: n\u00fameros para la historia<\/h2>\n\n\n\n<p class=\"wp-block-paragraph\">Los n\u00fameros de Messi con Argentina son extraordinarios. El rosarino termina su carrera internacional con&nbsp;<strong>207 partidos disputados, 125 goles y 68 asistencias<\/strong>, cifras que lo convierten en el jugador con m\u00e1s presencias y el m\u00e1ximo goleador hist\u00f3rico de la Selecci\u00f3n Argentina.<\/p>\n\n\n\n<p class=\"wp-block-paragraph\">Su producci\u00f3n goleadora se distribuye de la siguiente manera:<\/p>\n\n\n\n<ul class=\"wp-block-list\">\n<li><strong>54 goles<\/strong>&nbsp;en partidos amistosos.<\/li>\n\n\n\n<li><strong>36 goles<\/strong>&nbsp;en Eliminatorias Sudamericanas.<\/li>\n\n\n\n<li><strong>21 goles<\/strong>&nbsp;en Copas del Mundo.<\/li>\n\n\n\n<li><strong>14 goles<\/strong>&nbsp;en Copa Am\u00e9rica.<\/li>\n<\/ul>\n\n\n\n<p class=\"wp-block-paragraph\">En total, sus&nbsp;<strong>193 participaciones directas en goles<\/strong>, entre anotaciones y asistencias, resumen apenas una parte de la influencia que tuvo sobre el juego argentino.<\/p>\n\n\n\n<p class=\"wp-block-paragraph\">Pero Messi nunca fue solamente goles. Su aporte estuvo tambi\u00e9n en la generaci\u00f3n de juego, las asistencias, la capacidad para atraer rivales, crear oportunidades, conducir al equipo y aparecer en los momentos decisivos. Durante m\u00e1s de dos d\u00e9cadas fue el futbolista alrededor del cual Argentina construy\u00f3 buena parte de su identidad ofensiva.<\/p>\n\n\n\n<h2 class=\"wp-block-heading\">De las frustraciones a la gloria<\/h2>\n\n\n\n<p class=\"wp-block-paragraph\">La historia de Messi con Argentina tambi\u00e9n estuvo marcada por el sufrimiento. Durante a\u00f1os tuvo que soportar cr\u00edticas, derrotas dolorosas y la presi\u00f3n de ser comparado permanentemente con otras grandes figuras de la historia argentina.<\/p>\n\n\n\n<p class=\"wp-block-paragraph\">Lleg\u00f3 a disputar finales que terminaron en frustraci\u00f3n, entre ellas la Copa del Mundo de Brasil 2014 y las definiciones de la Copa Am\u00e9rica. Incluso en 2016 anunci\u00f3 temporalmente su retiro internacional, aunque posteriormente regres\u00f3 para continuar persiguiendo el sue\u00f1o que finalmente alcanzar\u00eda.<\/p>\n\n\n\n<p class=\"wp-block-paragraph\">La recompensa lleg\u00f3 en 2021, cuando Argentina conquist\u00f3 la\u00a0<strong>Copa Am\u00e9rica<\/strong>. Un a\u00f1o despu\u00e9s, Messi lider\u00f3 a la Albiceleste hacia la\u00a0<strong>Finalissima 2022<\/strong>\u00a0y, sobre todo, hacia el t\u00edtulo que hab\u00eda perseguido durante toda su carrera: la\u00a0<strong>Copa Mundial de Qatar 2022<\/strong>.<\/p>\n\n\n\n<p class=\"wp-block-paragraph\">En Qatar, Messi no solamente levant\u00f3 la Copa del Mundo. Fue protagonista absoluto del torneo y termin\u00f3 siendo reconocido como el mejor jugador del Mundial, coronando una carrera internacional que durante a\u00f1os hab\u00eda sido cuestionada precisamente por la ausencia de ese trofeo.<\/p>\n\n\n\n<p class=\"wp-block-paragraph\">En 2024 volvi\u00f3 a celebrar con Argentina al conquistar una nueva&nbsp;<strong>Copa Am\u00e9rica<\/strong>, consolidando una etapa gloriosa para la selecci\u00f3n.<\/p>\n\n\n\n<h2 class=\"wp-block-heading\">Un palmar\u00e9s que cambi\u00f3 la historia de Argentina<\/h2>\n\n\n\n<p class=\"wp-block-paragraph\">Con la selecci\u00f3n mayor, Messi conquist\u00f3:<\/p>\n\n\n\n<ul class=\"wp-block-list\">\n<li><strong>Copa Am\u00e9rica 2021.<\/strong><\/li>\n\n\n\n<li><strong>Finalissima 2022.<\/strong><\/li>\n\n\n\n<li><strong>Copa Mundial de la FIFA Qatar 2022.<\/strong><\/li>\n\n\n\n<li><strong>Copa Am\u00e9rica 2024.<\/strong><\/li>\n<\/ul>\n\n\n\n<p class=\"wp-block-paragraph\">A estos t\u00edtulos se suman sus conquistas en las categor\u00edas juveniles: el&nbsp;<strong>Mundial Sub-20 de 2005<\/strong>&nbsp;y la&nbsp;<strong>medalla de oro en los Juegos Ol\u00edmpicos de Beijing 2008<\/strong>.<\/p>\n\n\n\n<p class=\"wp-block-paragraph\">Adem\u00e1s, Messi disput\u00f3&nbsp;<strong>seis Copas del Mundo<\/strong>, desde Alemania 2006 hasta 2026, una muestra de la extraordinaria longevidad de su carrera internacional.<\/p>\n\n\n\n<figure class=\"wp-block-image size-full\"><img decoding=\"async\" width=\"1024\" height=\"682\" src=\"https:\/\/www.pasegol.co\/wp-content\/uploads\/2026\/09\/4.jpg\" alt=\"\" class=\"wp-image-15596\" srcset=\"https:\/\/www.pasegol.co\/wp-content\/uploads\/2026\/09\/4.jpg 1024w, https:\/\/www.pasegol.co\/wp-content\/uploads\/2026\/09\/4-585x390-1.jpg 585w, https:\/\/www.pasegol.co\/wp-content\/uploads\/2026\/09\/4-300x200.jpg 300w, https:\/\/www.pasegol.co\/wp-content\/uploads\/2026\/09\/4-263x175.jpg 263w, https:\/\/www.pasegol.co\/wp-content\/uploads\/2026\/09\/4-767x511.jpg 767w\" sizes=\"(max-width: 1024px) 100vw, 1024px\" \/><figcaption class=\"wp-element-caption\">Fotograf\u00eda: AFP Autor:&nbsp;ANNE-CHRISTINE POUJOULAT<\/figcaption><\/figure>\n\n\n\n<h2 class=\"wp-block-heading\">El legado de un futbolista irrepetible<\/h2>\n\n\n\n<p class=\"wp-block-paragraph\">M\u00e1s all\u00e1 de las estad\u00edsticas y los trofeos, el mayor aporte de Messi a Argentina est\u00e1 en el legado que deja.<\/p>\n\n\n\n<p class=\"wp-block-paragraph\">Durante 21 a\u00f1os, el n\u00famero 10 represent\u00f3 una generaci\u00f3n completa de futbolistas y aficionados. Fue l\u00edder, capit\u00e1n, goleador, asistidor y referente. Su manera de entender el f\u00fatbol convirti\u00f3 cada partido de Argentina en un acontecimiento mundial y llev\u00f3 nuevamente a la selecci\u00f3n a lo m\u00e1s alto.<\/p>\n\n\n\n<p class=\"wp-block-paragraph\">Messi tambi\u00e9n cambi\u00f3 la percepci\u00f3n de lo que significa liderar. Su liderazgo no siempre estuvo basado en grandes discursos, sino en la pelota, en la responsabilidad de pedirla cuando m\u00e1s quemaba, en la capacidad de crear una jugada imposible y en la perseverancia para continuar despu\u00e9s de cada derrota.<\/p>\n\n\n\n<p class=\"wp-block-paragraph\">Su recorrido demuestra que incluso los mejores necesitan tiempo, paciencia y resistencia para alcanzar sus sue\u00f1os.<\/p>\n\n\n\n<figure class=\"wp-block-image size-large\"><img decoding=\"async\" width=\"1024\" height=\"683\" src=\"https:\/\/www.pasegol.co\/wp-content\/uploads\/2026\/09\/1-1-1024x683.jpg\" alt=\"\" class=\"wp-image-15605\" srcset=\"https:\/\/www.pasegol.co\/wp-content\/uploads\/2026\/09\/1-1-1024x683.jpg 1024w, https:\/\/www.pasegol.co\/wp-content\/uploads\/2026\/09\/1-1-300x200.jpg 300w, https:\/\/www.pasegol.co\/wp-content\/uploads\/2026\/09\/1-1-1536x1024.jpg 1536w, https:\/\/www.pasegol.co\/wp-content\/uploads\/2026\/09\/1-1-768x512.jpg 768w, https:\/\/www.pasegol.co\/wp-content\/uploads\/2026\/09\/1-1-2048x1366.jpg 2048w, https:\/\/www.pasegol.co\/wp-content\/uploads\/2026\/09\/1-1-1920x1280.jpg 1920w, https:\/\/www.pasegol.co\/wp-content\/uploads\/2026\/09\/1-1-585x390-1.jpg 585w, https:\/\/www.pasegol.co\/wp-content\/uploads\/2026\/09\/1-1-263x175.jpg 263w, https:\/\/www.pasegol.co\/wp-content\/uploads\/2026\/09\/1-1-1170x780.jpg 1170w\" sizes=\"(max-width: 1024px) 100vw, 1024px\" \/><figcaption class=\"wp-element-caption\">Fotograf\u00eda: CONMEBOL<\/figcaption><\/figure>\n","protected":false},"excerpt":{"rendered":"<p>Tras 21 a\u00f1os con la camiseta albiceleste, Lionel Messi cerr\u00f3 su extraordinaria etapa con la&hellip;<\/p>\n","protected":false},"author":1,"featured_media":15594,"comment_status":"open","ping_status":"open","sticky":false,"template":"","format":"standard","meta":{"content-type":"","_lmt_disableupdate":"","_lmt_disable":"","footnotes":""},"categories":[7],"tags":[341,343,287,342],"class_list":["post-15593","post","type-post","status-publish","format-standard","has-post-thumbnail","hentry","category-futbol-internacional","tag-argentina","tag-lionel-messi","tag-messi","tag-seleccion-argentina"],"yoast_head":"<!-- This site is optimized with the Yoast SEO Premium plugin v21.2 (Yoast SEO v28.4) - https:\/\/yoast.com\/product\/yoast-seo-premium-wordpress\/ -->\n<title>Lionel Messi se despide de la Selecci\u00f3n Argentina: el adi\u00f3s de un \u00eddolo que marc\u00f3 una era. - Pasegol<\/title>\n<meta name=\"robots\" content=\"index, follow, max-snippet:-1, max-image-preview:large, max-video-preview:-1\" \/>\n<link rel=\"canonical\" href=\"https:\/\/www.pasegol.co\/?p=15593\" \/>\n<meta property=\"og:locale\" content=\"es_ES\" \/>\n<meta property=\"og:type\" content=\"article\" \/>\n<meta property=\"og:title\" content=\"Lionel Messi se despide de la Selecci\u00f3n Argentina: el adi\u00f3s de un \u00eddolo que marc\u00f3 una era.\" \/>\n<meta property=\"og:description\" content=\"Tras 21 a\u00f1os con la camiseta albiceleste, Lionel Messi cerr\u00f3 su extraordinaria etapa con la&hellip;\" \/>\n<meta property=\"og:url\" content=\"https:\/\/www.pasegol.co\/?p=15593\" \/>\n<meta property=\"og:site_name\" content=\"Pasegol\" \/>\n<meta property=\"article:published_time\" content=\"2026-09-01T14:34:52+00:00\" \/>\n<meta property=\"article:modified_time\" content=\"2026-09-01T14:45:55+00:00\" \/>\n<meta property=\"og:image\" content=\"https:\/\/www.pasegol.co\/wp-content\/uploads\/2026\/09\/2.jpg\" \/>\n\t<meta property=\"og:image:width\" content=\"1280\" \/>\n\t<meta property=\"og:image:height\" content=\"720\" \/>\n\t<meta property=\"og:image:type\" content=\"image\/jpeg\" \/>\n<meta name=\"author\" content=\"admin\" \/>\n<meta name=\"twitter:card\" content=\"summary_large_image\" \/>\n<meta name=\"twitter:label1\" content=\"Escrito por\" \/>\n\t<meta name=\"twitter:data1\" content=\"admin\" \/>\n\t<meta name=\"twitter:label2\" content=\"Tiempo de lectura\" \/>\n\t<meta name=\"twitter:data2\" content=\"5 minutos\" \/>\n<script type=\"application\/ld+json\" class=\"yoast-schema-graph\">{\"@context\":\"https:\\\/\\\/schema.org\",\"@graph\":[{\"@type\":\"Article\",\"@id\":\"https:\\\/\\\/www.pasegol.co\\\/?p=15593#article\",\"isPartOf\":{\"@id\":\"https:\\\/\\\/www.pasegol.co\\\/?p=15593\"},\"author\":{\"name\":\"admin\",\"@id\":\"https:\\\/\\\/www.pasegol.co\\\/#\\\/schema\\\/person\\\/5dcbdba3660918f3a5888187e590c98d\"},\"headline\":\"Lionel Messi se despide de la Selecci\u00f3n Argentina: el adi\u00f3s de un \u00eddolo que marc\u00f3 una era.\",\"datePublished\":\"2026-09-01T14:34:52+00:00\",\"dateModified\":\"2026-09-01T14:45:55+00:00\",\"mainEntityOfPage\":{\"@id\":\"https:\\\/\\\/www.pasegol.co\\\/?p=15593\"},\"wordCount\":815,\"commentCount\":0,\"image\":{\"@id\":\"https:\\\/\\\/www.pasegol.co\\\/?p=15593#primaryimage\"},\"thumbnailUrl\":\"https:\\\/\\\/www.pasegol.co\\\/wp-content\\\/uploads\\\/2026\\\/09\\\/2.jpg\",\"keywords\":[\"Argentina\",\"Lionel Messi\",\"Messi\",\"Selecci\u00f3n Argentina\"],\"articleSection\":[\"Futbol Internacional\"],\"inLanguage\":\"es\",\"potentialAction\":[{\"@type\":\"CommentAction\",\"name\":\"Comment\",\"target\":[\"https:\\\/\\\/www.pasegol.co\\\/?p=15593#respond\"]}]},{\"@type\":\"WebPage\",\"@id\":\"https:\\\/\\\/www.pasegol.co\\\/?p=15593\",\"url\":\"https:\\\/\\\/www.pasegol.co\\\/?p=15593\",\"name\":\"Lionel Messi se despide de la Selecci\u00f3n Argentina: el adi\u00f3s de un \u00eddolo que marc\u00f3 una era. - Pasegol\",\"isPartOf\":{\"@id\":\"https:\\\/\\\/www.pasegol.co\\\/#website\"},\"primaryImageOfPage\":{\"@id\":\"https:\\\/\\\/www.pasegol.co\\\/?p=15593#primaryimage\"},\"image\":{\"@id\":\"https:\\\/\\\/www.pasegol.co\\\/?p=15593#primaryimage\"},\"thumbnailUrl\":\"https:\\\/\\\/www.pasegol.co\\\/wp-content\\\/uploads\\\/2026\\\/09\\\/2.jpg\",\"datePublished\":\"2026-09-01T14:34:52+00:00\",\"dateModified\":\"2026-09-01T14:45:55+00:00\",\"author\":{\"@id\":\"https:\\\/\\\/www.pasegol.co\\\/#\\\/schema\\\/person\\\/5dcbdba3660918f3a5888187e590c98d\"},\"breadcrumb\":{\"@id\":\"https:\\\/\\\/www.pasegol.co\\\/?p=15593#breadcrumb\"},\"inLanguage\":\"es\",\"potentialAction\":[{\"@type\":\"ReadAction\",\"target\":[\"https:\\\/\\\/www.pasegol.co\\\/?p=15593\"]}]},{\"@type\":\"ImageObject\",\"inLanguage\":\"es\",\"@id\":\"https:\\\/\\\/www.pasegol.co\\\/?p=15593#primaryimage\",\"url\":\"https:\\\/\\\/www.pasegol.co\\\/wp-content\\\/uploads\\\/2026\\\/09\\\/2.jpg\",\"contentUrl\":\"https:\\\/\\\/www.pasegol.co\\\/wp-content\\\/uploads\\\/2026\\\/09\\\/2.jpg\",\"width\":1280,\"height\":720},{\"@type\":\"BreadcrumbList\",\"@id\":\"https:\\\/\\\/www.pasegol.co\\\/?p=15593#breadcrumb\",\"itemListElement\":[{\"@type\":\"ListItem\",\"position\":1,\"name\":\"Portada\",\"item\":\"https:\\\/\\\/www.pasegol.co\\\/\"},{\"@type\":\"ListItem\",\"position\":2,\"name\":\"Lionel Messi se despide de la Selecci\u00f3n Argentina: el adi\u00f3s de un \u00eddolo que marc\u00f3 una era.\"}]},{\"@type\":\"WebSite\",\"@id\":\"https:\\\/\\\/www.pasegol.co\\\/#website\",\"url\":\"https:\\\/\\\/www.pasegol.co\\\/\",\"name\":\"Pasegol\",\"description\":\"\",\"potentialAction\":[{\"@type\":\"SearchAction\",\"target\":{\"@type\":\"EntryPoint\",\"urlTemplate\":\"https:\\\/\\\/www.pasegol.co\\\/?s={search_term_string}\"},\"query-input\":{\"@type\":\"PropertyValueSpecification\",\"valueRequired\":true,\"valueName\":\"search_term_string\"}}],\"inLanguage\":\"es\"},{\"@type\":\"Person\",\"@id\":\"https:\\\/\\\/www.pasegol.co\\\/#\\\/schema\\\/person\\\/5dcbdba3660918f3a5888187e590c98d\",\"name\":\"admin\",\"image\":{\"@type\":\"ImageObject\",\"inLanguage\":\"es\",\"@id\":\"https:\\\/\\\/secure.gravatar.com\\\/avatar\\\/6d5301d0b477734ae2e733a830f481b81baeceafd013269026e58933fe860278?s=96&d=mm&r=g\",\"url\":\"https:\\\/\\\/secure.gravatar.com\\\/avatar\\\/6d5301d0b477734ae2e733a830f481b81baeceafd013269026e58933fe860278?s=96&d=mm&r=g\",\"contentUrl\":\"https:\\\/\\\/secure.gravatar.com\\\/avatar\\\/6d5301d0b477734ae2e733a830f481b81baeceafd013269026e58933fe860278?s=96&d=mm&r=g\",\"caption\":\"admin\"},\"sameAs\":[\"https:\\\/\\\/www.pasegol.co\"],\"url\":\"https:\\\/\\\/www.pasegol.co\\\/?author=1\"}]}<\/script>\n<!-- \/ Yoast SEO Premium plugin. -->","yoast_head_json":{"title":"Lionel Messi se despide de la Selecci\u00f3n Argentina: el adi\u00f3s de un \u00eddolo que marc\u00f3 una era. - Pasegol","robots":{"index":"index","follow":"follow","max-snippet":"max-snippet:-1","max-image-preview":"max-image-preview:large","max-video-preview":"max-video-preview:-1"},"canonical":"https:\/\/www.pasegol.co\/?p=15593","og_locale":"es_ES","og_type":"article","og_title":"Lionel Messi se despide de la Selecci\u00f3n Argentina: el adi\u00f3s de un \u00eddolo que marc\u00f3 una era.","og_description":"Tras 21 a\u00f1os con la camiseta albiceleste, Lionel Messi cerr\u00f3 su extraordinaria etapa con la&hellip;","og_url":"https:\/\/www.pasegol.co\/?p=15593","og_site_name":"Pasegol","article_published_time":"2026-09-01T14:34:52+00:00","article_modified_time":"2026-09-01T14:45:55+00:00","og_image":[{"width":1280,"height":720,"url":"https:\/\/www.pasegol.co\/wp-content\/uploads\/2026\/09\/2.jpg","type":"image\/jpeg"}],"author":"admin","twitter_card":"summary_large_image","twitter_misc":{"Escrito por":"admin","Tiempo de lectura":"5 minutos"},"schema":{"@context":"https:\/\/schema.org","@graph":[{"@type":"Article","@id":"https:\/\/www.pasegol.co\/?p=15593#article","isPartOf":{"@id":"https:\/\/www.pasegol.co\/?p=15593"},"author":{"name":"admin","@id":"https:\/\/www.pasegol.co\/#\/schema\/person\/5dcbdba3660918f3a5888187e590c98d"},"headline":"Lionel Messi se despide de la Selecci\u00f3n Argentina: el adi\u00f3s de un \u00eddolo que marc\u00f3 una era.","datePublished":"2026-09-01T14:34:52+00:00","dateModified":"2026-09-01T14:45:55+00:00","mainEntityOfPage":{"@id":"https:\/\/www.pasegol.co\/?p=15593"},"wordCount":815,"commentCount":0,"image":{"@id":"https:\/\/www.pasegol.co\/?p=15593#primaryimage"},"thumbnailUrl":"https:\/\/www.pasegol.co\/wp-content\/uploads\/2026\/09\/2.jpg","keywords":["Argentina","Lionel Messi","Messi","Selecci\u00f3n Argentina"],"articleSection":["Futbol Internacional"],"inLanguage":"es","potentialAction":[{"@type":"CommentAction","name":"Comment","target":["https:\/\/www.pasegol.co\/?p=15593#respond"]}]},{"@type":"WebPage","@id":"https:\/\/www.pasegol.co\/?p=15593","url":"https:\/\/www.pasegol.co\/?p=15593","name":"Lionel Messi se despide de la Selecci\u00f3n Argentina: el adi\u00f3s de un \u00eddolo que marc\u00f3 una era. - Pasegol","isPartOf":{"@id":"https:\/\/www.pasegol.co\/#website"},"primaryImageOfPage":{"@id":"https:\/\/www.pasegol.co\/?p=15593#primaryimage"},"image":{"@id":"https:\/\/www.pasegol.co\/?p=15593#primaryimage"},"thumbnailUrl":"https:\/\/www.pasegol.co\/wp-content\/uploads\/2026\/09\/2.jpg","datePublished":"2026-09-01T14:34:52+00:00","dateModified":"2026-09-01T14:45:55+00:00","author":{"@id":"https:\/\/www.pasegol.co\/#\/schema\/person\/5dcbdba3660918f3a5888187e590c98d"},"breadcrumb":{"@id":"https:\/\/www.pasegol.co\/?p=15593#breadcrumb"},"inLanguage":"es","potentialAction":[{"@type":"ReadAction","target":["https:\/\/www.pasegol.co\/?p=15593"]}]},{"@type":"ImageObject","inLanguage":"es","@id":"https:\/\/www.pasegol.co\/?p=15593#primaryimage","url":"https:\/\/www.pasegol.co\/wp-content\/uploads\/2026\/09\/2.jpg","contentUrl":"https:\/\/www.pasegol.co\/wp-content\/uploads\/2026\/09\/2.jpg","width":1280,"height":720},{"@type":"BreadcrumbList","@id":"https:\/\/www.pasegol.co\/?p=15593#breadcrumb","itemListElement":[{"@type":"ListItem","position":1,"name":"Portada","item":"https:\/\/www.pasegol.co\/"},{"@type":"ListItem","position":2,"name":"Lionel Messi se despide de la Selecci\u00f3n Argentina: el adi\u00f3s de un \u00eddolo que marc\u00f3 una era."}]},{"@type":"WebSite","@id":"https:\/\/www.pasegol.co\/#website","url":"https:\/\/www.pasegol.co\/","name":"Pasegol","description":"","potentialAction":[{"@type":"SearchAction","target":{"@type":"EntryPoint","urlTemplate":"https:\/\/www.pasegol.co\/?s={search_term_string}"},"query-input":{"@type":"PropertyValueSpecification","valueRequired":true,"valueName":"search_term_string"}}],"inLanguage":"es"},{"@type":"Person","@id":"https:\/\/www.pasegol.co\/#\/schema\/person\/5dcbdba3660918f3a5888187e590c98d","name":"admin","image":{"@type":"ImageObject","inLanguage":"es","@id":"https:\/\/secure.gravatar.com\/avatar\/6d5301d0b477734ae2e733a830f481b81baeceafd013269026e58933fe860278?s=96&d=mm&r=g","url":"https:\/\/secure.gravatar.com\/avatar\/6d5301d0b477734ae2e733a830f481b81baeceafd013269026e58933fe860278?s=96&d=mm&r=g","contentUrl":"https:\/\/secure.gravatar.com\/avatar\/6d5301d0b477734ae2e733a830f481b81baeceafd013269026e58933fe860278?s=96&d=mm&r=g","caption":"admin"},"sameAs":["https:\/\/www.pasegol.co"],"url":"https:\/\/www.pasegol.co\/?author=1"}]}},"_links":{"self":[{"href":"https:\/\/www.pasegol.co\/index.php?rest_route=\/wp\/v2\/posts\/15593","targetHints":{"allow":["GET"]}}],"collection":[{"href":"https:\/\/www.pasegol.co\/index.php?rest_route=\/wp\/v2\/posts"}],"about":[{"href":"https:\/\/www.pasegol.co\/index.php?rest_route=\/wp\/v2\/types\/post"}],"author":[{"embeddable":true,"href":"https:\/\/www.pasegol.co\/index.php?rest_route=\/wp\/v2\/users\/1"}],"replies":[{"embeddable":true,"href":"https:\/\/www.pasegol.co\/index.php?rest_route=%2Fwp%2Fv2%2Fcomments&post=15593"}],"version-history":[{"count":6,"href":"https:\/\/www.pasegol.co\/index.php?rest_route=\/wp\/v2\/posts\/15593\/revisions"}],"predecessor-version":[{"id":15607,"href":"https:\/\/www.pasegol.co\/index.php?rest_route=\/wp\/v2\/posts\/15593\/revisions\/15607"}],"wp:featuredmedia":[{"embeddable":true,"href":"https:\/\/www.pasegol.co\/index.php?rest_route=\/wp\/v2\/media\/15594"}],"wp:attachment":[{"href":"https:\/\/www.pasegol.co\/index.php?rest_route=%2Fwp%2Fv2%2Fmedia&parent=15593"}],"wp:term":[{"taxonomy":"category","embeddable":true,"href":"https:\/\/www.pasegol.co\/index.php?rest_route=%2Fwp%2Fv2%2Fcategories&post=15593"},{"taxonomy":"post_tag","embeddable":true,"href":"https:\/\/www.pasegol.co\/index.php?rest_route=%2Fwp%2Fv2%2Ftags&post=15593"}],"curies":[{"name":"wp","href":"https:\/\/api.w.org\/{rel}","templated":true}]}}